{"id":23299,"date":"2018-10-04T10:14:39","date_gmt":"2018-10-04T14:14:39","guid":{"rendered":"http:\/\/www.corumbaonline.com.br\/news\/?p=23299"},"modified":"2018-10-04T10:52:01","modified_gmt":"2018-10-04T14:52:01","slug":"vereador-reforca-necessidade-de-estacionamento-para-motos-no-centro","status":"publish","type":"post","link":"https:\/\/www.corumbaonline.com.br\/news\/vereador-reforca-necessidade-de-estacionamento-para-motos-no-centro\/","title":{"rendered":"Vereador refor\u00e7a necessidade de estacionamento para motos no centro"},"content":{"rendered":"<p><span style=\"color: #000000;\">A cria\u00e7\u00e3o de uma \u00e1rea espec\u00edfica para estacionamento de motos no centro da cidade, est\u00e1 sendo refor\u00e7ada na C\u00e2mara Municipal pelo vereador Bira. Durante sess\u00e3o essa semana, ele solicitou ao diretor-executivo da Ag\u00eancia Municipal de Tr\u00e2nsito e Transporte (Agetrat), Sicard Maciel de Barros, a demarca\u00e7\u00e3o de uma \u00e1rea exclusiva para atender os motociclistas na Rua Treze de Junho, entre as ruas Ant\u00f4nio Maria Coelho e Ant\u00f4nio Jo\u00e3o.<\/span><\/p>\n<p><span style=\"color: #000000;\">\u201cJ\u00e1 fizemos uma solicita\u00e7\u00e3o nesse sentido e estamos refor\u00e7ando agora, para regularizar uma situa\u00e7\u00e3o. Como n\u00e3o h\u00e1 uma \u00e1rea exclusiva para o estacionamento de motocicletas no trecho, elas ficam estacionadas ao longo da quadra, de forma desordenada e sem o aproveitamento ideal de espa\u00e7o. Isso reduz sobremaneira as vagas para estacionamento dos outros ve\u00edculos\u201d, refor\u00e7ou.<\/span><\/p>\n<p><span style=\"color: #000000;\">Pavimento<\/span><\/p>\n<p><span style=\"color: #000000;\">J\u00e1 ao secret\u00e1rio de Infraestrutura e Servi\u00e7os P\u00fablicos, Ricardo Ametlla, Bira est\u00e1 reivindicando a recupera\u00e7\u00e3o do pavimento asf\u00e1ltico da Rua Alexandre de Castro, entre as ruas Marechal Deodoro e Marechal Floriano, no Bairro Nova Corumb\u00e1. Explicou que a via est\u00e1 deteriorada e que \u00e9 preciso ser recapeada.<\/span><\/p>\n","protected":false},"excerpt":{"rendered":"<p>A cria\u00e7\u00e3o de uma \u00e1rea espec\u00edfica para estacionamento de motos no centro da cidade, est\u00e1&#8230;<\/p>\n","protected":false},"author":1,"featured_media":23300,"comment_status":"closed","ping_status":"closed","sticky":false,"template":"","format":"standard","meta":{"footnotes":""},"categories":[19],"tags":[],"class_list":["post-23299","post","type-post","status-publish","format-standard","has-post-thumbnail","hentry","category-politica"],"_links":{"self":[{"href":"https:\/\/www.corumbaonline.com.br\/news\/wp-json\/wp\/v2\/posts\/23299","targetHints":{"allow":["GET"]}}],"collection":[{"href":"https:\/\/www.corumbaonline.com.br\/news\/wp-json\/wp\/v2\/posts"}],"about":[{"href":"https:\/\/www.corumbaonline.com.br\/news\/wp-json\/wp\/v2\/types\/post"}],"author":[{"embeddable":true,"href":"https:\/\/www.corumbaonline.com.br\/news\/wp-json\/wp\/v2\/users\/1"}],"replies":[{"embeddable":true,"href":"https:\/\/www.corumbaonline.com.br\/news\/wp-json\/wp\/v2\/comments?post=23299"}],"version-history":[{"count":1,"href":"https:\/\/www.corumbaonline.com.br\/news\/wp-json\/wp\/v2\/posts\/23299\/revisions"}],"predecessor-version":[{"id":23301,"href":"https:\/\/www.corumbaonline.com.br\/news\/wp-json\/wp\/v2\/posts\/23299\/revisions\/23301"}],"wp:featuredmedia":[{"embeddable":true,"href":"https:\/\/www.corumbaonline.com.br\/news\/wp-json\/wp\/v2\/media\/23300"}],"wp:attachment":[{"href":"https:\/\/www.corumbaonline.com.br\/news\/wp-json\/wp\/v2\/media?parent=23299"}],"wp:term":[{"taxonomy":"category","embeddable":true,"href":"https:\/\/www.corumbaonline.com.br\/news\/wp-json\/wp\/v2\/categories?post=23299"},{"taxonomy":"post_tag","embeddable":true,"href":"https:\/\/www.corumbaonline.com.br\/news\/wp-json\/wp\/v2\/tags?post=23299"}],"curies":[{"name":"wp","href":"https:\/\/api.w.org\/{rel}","templated":true}]}}