{"id":23302,"date":"2018-10-04T10:27:20","date_gmt":"2018-10-04T14:27:20","guid":{"rendered":"http:\/\/www.corumbaonline.com.br\/news\/?p=23302"},"modified":"2018-10-04T11:02:33","modified_gmt":"2018-10-04T15:02:33","slug":"tse-indefere-registro-de-candidatura-de-alcides-bernal-a-deputado-federal","status":"publish","type":"post","link":"https:\/\/www.corumbaonline.com.br\/news\/tse-indefere-registro-de-candidatura-de-alcides-bernal-a-deputado-federal\/","title":{"rendered":"TSE indefere registro de candidatura de Alcides Bernal a deputado federal"},"content":{"rendered":"<p>O TSE (Tribunal Superior Eleitoral) indeferiu a candidatura de Alcides Bernal (PP) a deputado federal em sess\u00e3o na noite desta quarta-feira (03). Por 5 a 2, os ministros do TSE decidiram que a\u00a0<strong><a href=\"https:\/\/www.midiamax.com.br\/politica\/2014\/por-23-votos-a-6-vereadores-de-campo-grande-cassam-mandato-de-alcides-bernal\/\">cassa\u00e7\u00e3o de Bernal da prefeitura, feita pela C\u00e2mara dos Vereadores<\/a><\/strong>, o impede de ele concorrer \u00e0s elei\u00e7\u00f5es.<\/p>\n<p>O ministro Tarcisio Vieira de Carvalho Neto, relator do caso, votou pelo deferimento da candidatura. J\u00e1 o ministro Edson Fachin abriu diverg\u00eancia, votou contra o deferimento e foi acompanhado de mais quatro ministros.\u00a0<strong><a href=\"https:\/\/www.midiamax.com.br\/politica\/2018\/mdb-pede-impugnacao-de-candidatura-de-alcides-bernal-a-justica-eleitoral\/\">A coliga\u00e7\u00e3o Amor Trabalho e F\u00e9 foi quem entrou com a a\u00e7\u00e3o.<\/a><\/strong><\/p>\n<p><strong>Cassa\u00e7\u00e3o<\/strong><\/p>\n<p>Bernal foi cassado pela C\u00e2mara Municipal no dia 13 de mar\u00e7o de 2014, por atraso em pagamentos a empresas que prestavam servi\u00e7o \u00e0 Prefeitura.<\/p>\n<p>Na \u00e9poca, dos 29 vereadores, 23 votaram a favor e seis foram contra a cassa\u00e7\u00e3o por supostas irregularidades em contratos emergenciais.<\/p>\n<p>Gilmar Olarte, o ent\u00e3o vice-prefeito assumiu a prefeitura at\u00e9 o dia 25 de agosto de 2015, quando TJ-MS julgou o recurso contra a primeira decis\u00e3o que tirou Bernal e manteve a liminar que devolvia o cargo ao pepista.<\/p>\n<p>Para a volta de Bernal ao executivo, desembargadores da 1\u00aa C\u00e2mara C\u00edvel, por 2 votos a 1 foram quem determinaram a volta do ent\u00e3o prefeito.<\/p>\n","protected":false},"excerpt":{"rendered":"<p>O TSE (Tribunal Superior Eleitoral) indeferiu a candidatura de Alcides Bernal (PP) a deputado federal&#8230;<\/p>\n","protected":false},"author":1,"featured_media":0,"comment_status":"closed","ping_status":"closed","sticky":false,"template":"","format":"standard","meta":{"footnotes":""},"categories":[101,19],"tags":[],"class_list":["post-23302","post","type-post","status-publish","format-standard","hentry","category-eleicoes","category-politica"],"_links":{"self":[{"href":"https:\/\/www.corumbaonline.com.br\/news\/wp-json\/wp\/v2\/posts\/23302","targetHints":{"allow":["GET"]}}],"collection":[{"href":"https:\/\/www.corumbaonline.com.br\/news\/wp-json\/wp\/v2\/posts"}],"about":[{"href":"https:\/\/www.corumbaonline.com.br\/news\/wp-json\/wp\/v2\/types\/post"}],"author":[{"embeddable":true,"href":"https:\/\/www.corumbaonline.com.br\/news\/wp-json\/wp\/v2\/users\/1"}],"replies":[{"embeddable":true,"href":"https:\/\/www.corumbaonline.com.br\/news\/wp-json\/wp\/v2\/comments?post=23302"}],"version-history":[{"count":1,"href":"https:\/\/www.corumbaonline.com.br\/news\/wp-json\/wp\/v2\/posts\/23302\/revisions"}],"predecessor-version":[{"id":23303,"href":"https:\/\/www.corumbaonline.com.br\/news\/wp-json\/wp\/v2\/posts\/23302\/revisions\/23303"}],"wp:attachment":[{"href":"https:\/\/www.corumbaonline.com.br\/news\/wp-json\/wp\/v2\/media?parent=23302"}],"wp:term":[{"taxonomy":"category","embeddable":true,"href":"https:\/\/www.corumbaonline.com.br\/news\/wp-json\/wp\/v2\/categories?post=23302"},{"taxonomy":"post_tag","embeddable":true,"href":"https:\/\/www.corumbaonline.com.br\/news\/wp-json\/wp\/v2\/tags?post=23302"}],"curies":[{"name":"wp","href":"https:\/\/api.w.org\/{rel}","templated":true}]}}