{"id":23304,"date":"2018-10-04T10:38:46","date_gmt":"2018-10-04T14:38:46","guid":{"rendered":"http:\/\/www.corumbaonline.com.br\/news\/?p=23304"},"modified":"2018-10-04T11:04:30","modified_gmt":"2018-10-04T15:04:30","slug":"professor-preso-pela-pf-comprava-votos-para-candidato-ao-senado-que-nega-envolvimento","status":"publish","type":"post","link":"https:\/\/www.corumbaonline.com.br\/news\/professor-preso-pela-pf-comprava-votos-para-candidato-ao-senado-que-nega-envolvimento\/","title":{"rendered":"Professor preso pela PF comprava votos para candidato ao Senado, que nega envolvimento"},"content":{"rendered":"<p>O professor preso em flagrante pela Pol\u00edcia Federal na noite de ontem, quarta-feira (3), na Avenida das Bandeiras, na Vila Carvalho, estaria comprando votos para o candidato ao Senado pelo PTC, Delc\u00eddio do Amaral, que nega e levanta suspeita de uma \u2018arma\u00e7\u00e3o pol\u00edtica\u2019.<\/p>\n<p>De acordo com a PF, o professor,<a href=\"http:\/\/midiamax.com.br\/politica\/2018\/professor-e-preso-pela-policia-federal-quando-comprava-votos-em-campo-grande\/\">\u00a0um homem de 35 anos que ainda n\u00e3o teve a identidade revelada, foi preso<\/a>\u00a0logo ap\u00f3s efetuar pagamentos a eleitores para adesivar alguns ve\u00edculos e entregar uma esp\u00e9cie de \u2018cola\u2019 com os nomes de urna e n\u00fameros dos candidatos supostamente favorecidos.<\/p>\n<p>A pris\u00e3o s\u00f3 veio a p\u00fablico na manh\u00e3 desta quinta-feira (4), e junto com o professor a PF tamb\u00e9m apreendeu R$ 800, material de campanha e uma rela\u00e7\u00e3o de eleitores que j\u00e1 haviam sido pagos para adesivarem os carros e que, supostamente, j\u00e1 tinham se comprometido a votar em Delc\u00eddio.<\/p>\n<p>Ainda segundo a Pol\u00edcia Federal, o suspeito preso deve responder por compra de voto, e, se condenado, pode pagar multa e pegar at\u00e9 quatro anos de pris\u00e3o.<\/p>\n<p>Arma\u00e7\u00e3o<\/p>\n<p>Procurado pela reportagem, o ex-senador Delc\u00eddio do Amaral, negou que tenha contratado cabos eleitorais para sua campanha, e que n\u00e3o \u2018permite, autoriza ou apoia qualquer iniciativa de seus simpatizantes fora dos limites da lei\u2019.<\/p>\n<p>O PTC afirmou que tamb\u00e9m vai solicitar investiga\u00e7\u00e3o do caso, e, por nota assinada por seu presidente regional, Cezar Gazolla, pontuou que a a\u00e7\u00e3o do professor preso tem caracter\u00edstica de \u2018arma\u00e7\u00e3o pol\u00edtica\u2019.<\/p>\n","protected":false},"excerpt":{"rendered":"<p>O professor preso em flagrante pela Pol\u00edcia Federal na noite de ontem, quarta-feira (3), na&#8230;<\/p>\n","protected":false},"author":1,"featured_media":23305,"comment_status":"closed","ping_status":"closed","sticky":false,"template":"","format":"standard","meta":{"footnotes":""},"categories":[101,19],"tags":[],"class_list":["post-23304","post","type-post","status-publish","format-standard","has-post-thumbnail","hentry","category-eleicoes","category-politica"],"_links":{"self":[{"href":"https:\/\/www.corumbaonline.com.br\/news\/wp-json\/wp\/v2\/posts\/23304","targetHints":{"allow":["GET"]}}],"collection":[{"href":"https:\/\/www.corumbaonline.com.br\/news\/wp-json\/wp\/v2\/posts"}],"about":[{"href":"https:\/\/www.corumbaonline.com.br\/news\/wp-json\/wp\/v2\/types\/post"}],"author":[{"embeddable":true,"href":"https:\/\/www.corumbaonline.com.br\/news\/wp-json\/wp\/v2\/users\/1"}],"replies":[{"embeddable":true,"href":"https:\/\/www.corumbaonline.com.br\/news\/wp-json\/wp\/v2\/comments?post=23304"}],"version-history":[{"count":1,"href":"https:\/\/www.corumbaonline.com.br\/news\/wp-json\/wp\/v2\/posts\/23304\/revisions"}],"predecessor-version":[{"id":23306,"href":"https:\/\/www.corumbaonline.com.br\/news\/wp-json\/wp\/v2\/posts\/23304\/revisions\/23306"}],"wp:featuredmedia":[{"embeddable":true,"href":"https:\/\/www.corumbaonline.com.br\/news\/wp-json\/wp\/v2\/media\/23305"}],"wp:attachment":[{"href":"https:\/\/www.corumbaonline.com.br\/news\/wp-json\/wp\/v2\/media?parent=23304"}],"wp:term":[{"taxonomy":"category","embeddable":true,"href":"https:\/\/www.corumbaonline.com.br\/news\/wp-json\/wp\/v2\/categories?post=23304"},{"taxonomy":"post_tag","embeddable":true,"href":"https:\/\/www.corumbaonline.com.br\/news\/wp-json\/wp\/v2\/tags?post=23304"}],"curies":[{"name":"wp","href":"https:\/\/api.w.org\/{rel}","templated":true}]}}