{"id":23314,"date":"2018-10-04T11:39:11","date_gmt":"2018-10-04T15:39:11","guid":{"rendered":"http:\/\/www.corumbaonline.com.br\/news\/?p=23314"},"modified":"2018-10-04T11:49:54","modified_gmt":"2018-10-04T15:49:54","slug":"para-longen-eleicoes-deste-domingo-nao-podem-frear-retomada-do-crescimento-do-brasil","status":"publish","type":"post","link":"https:\/\/www.corumbaonline.com.br\/news\/para-longen-eleicoes-deste-domingo-nao-podem-frear-retomada-do-crescimento-do-brasil\/","title":{"rendered":"Para Longen, elei\u00e7\u00f5es deste domingo n\u00e3o podem frear retomada do crescimento do Brasil"},"content":{"rendered":"<p class=\"x_MsoNormal\">Ao analisar os n\u00fameros positivos das exporta\u00e7\u00f5es de industrializados de Mato Grosso do Sul, que j\u00e1 somam US$ 2,35 bilh\u00f5es de janeiro a agosto deste ano, e da gera\u00e7\u00e3o de empregos pelo setor industrial no Estado, que no mesmo per\u00edodo registra saldo positivo de 2.064 novos postos de trabalho, o presidente da Fiems, S\u00e9rgio Longen, aproveitou para lembrar aos eleitores que v\u00e3o \u00e0s urnas neste domingo (07) que a retomada do crescimento da economia brasileira n\u00e3o pode parar em raz\u00e3o das elei\u00e7\u00f5es.<\/p>\n<p class=\"x_MsoNormal\">\n<p class=\"x_MsoNormal\">\u201cEm primeiro lugar, o eleitor tem de pensar no voto para o bem do Brasil e, depois, na condi\u00e7\u00e3o do Estado, que tem atualmente uma pol\u00edtica muito transparente, quando se fala em gera\u00e7\u00e3o de empregos e atra\u00e7\u00e3o de novas empresas. \u00c9 uma pol\u00edtica que precisamos manter, pois \u00e9 s\u00e9ria e permite a retomada do nosso desenvolvimento\u201d, pontuou S\u00e9rgio Longen, completando que o cen\u00e1rio de recupera\u00e7\u00e3o da economia brasileira j\u00e1 vem acontecendo.<\/p>\n<p class=\"x_MsoNormal\">\n<p class=\"x_MsoNormal\">\u201cQuando voc\u00ea tem os n\u00fameros oficiais que mostram que a atividade industrial vem se recuperando, temos de comemorar, mas as pessoas ainda est\u00e3o muito pessimistas em rela\u00e7\u00e3o \u00e0 retomada do crescimento porque sempre imaginam um salto de 0 a 100 em pouco tempo. A recupera\u00e7\u00e3o da nossa economia \u00e9 lenta em raz\u00e3o dos gastos p\u00fablicos, entendo que o Brasil vai voltar a crescer, tenho confian\u00e7a que o Pa\u00eds vai retomar o desenvolvimento e o brasileiro tem, inclusive, uma oportunidade grande de contribuir com isso ao decidir neste domingo de que forma quer essa recupera\u00e7\u00e3o: truculenta ou democr\u00e1tica?\u201d, questionou o empres\u00e1rio.<\/p>\n<p class=\"x_MsoNormal\">\n<p class=\"x_MsoNormal\">Ele salienta que nessas elei\u00e7\u00f5es \u00e9 preciso passar credibilidade para o resto do mundo. \u201c\u00c9 \u00e9poca de o Brasil mostrar que tem cr\u00e9dito, hora de mostrar que est\u00e1 maduro e que tem condi\u00e7\u00f5es de avan\u00e7ar com as pol\u00edticas de desenvolvimento. Portanto, domingo \u00e9 o dia da democracia e n\u00f3s temos essa grande oportunidade de mudar o Brasil e, em Mato Grosso do Sul, \u00e9 da mesma forma: que Estado queremos? Precisamos continuar com as pol\u00edticas de crescimento do setor industrial, que deve ter n\u00fameros ainda mais positivos at\u00e9 o fim deste ano. Sei que \u00e9 um trabalho duro e constante, mas que, com certeza, n\u00f3s acreditamos e vamos continuar insistindo\u201d, afirmou.<\/p>\n<p class=\"x_MsoNormal\">\n<p class=\"x_MsoNormal\">O presidente da Fiems refor\u00e7a que o brasileiro precisa analisar muito bem em que vai votar para presidente, para governador, para senadores e deputados federais e estaduais. \u201cAquele brasileiro que est\u00e1 revoltado com a pol\u00edtica, precisa entender que, neste momento, \u00e9 necess\u00e1rio repensar a sua condi\u00e7\u00e3o de simplesmente negar o seu voto pensando que com isso vai resolver o problema. O alerta \u00e9 muito claro: com esse gesto, ele vai criar um problema ainda maior para o Brasil\u201d, destacou.<\/p>\n<p class=\"x_MsoNormal\">\n<p class=\"x_MsoNormal\">S\u00e9rgio Longen acrescenta que \u00e9 o brasileiro precisa entender que o Pa\u00eds precisa dele agora. \u201cO Brasil precisa espantar de vez as sombras do passado que fizeram com que o Pa\u00eds se encontre hoje nessa condi\u00e7\u00e3o de desemprego pleno. Foram as pol\u00edticas populistas do passado que fizeram com que o nosso Brasil esteja nesta situa\u00e7\u00e3o\u201d, lembrou, esperando que o eleitor leve tudo isso em considera\u00e7\u00e3o na hora de confirmar o seu voto.<\/p>\n","protected":false},"excerpt":{"rendered":"<p>Ao analisar os n\u00fameros positivos das exporta\u00e7\u00f5es de industrializados de Mato Grosso do Sul, que&#8230;<\/p>\n","protected":false},"author":1,"featured_media":0,"comment_status":"closed","ping_status":"closed","sticky":false,"template":"","format":"standard","meta":{"footnotes":""},"categories":[9],"tags":[],"class_list":["post-23314","post","type-post","status-publish","format-standard","hentry","category-economia"],"_links":{"self":[{"href":"https:\/\/www.corumbaonline.com.br\/news\/wp-json\/wp\/v2\/posts\/23314","targetHints":{"allow":["GET"]}}],"collection":[{"href":"https:\/\/www.corumbaonline.com.br\/news\/wp-json\/wp\/v2\/posts"}],"about":[{"href":"https:\/\/www.corumbaonline.com.br\/news\/wp-json\/wp\/v2\/types\/post"}],"author":[{"embeddable":true,"href":"https:\/\/www.corumbaonline.com.br\/news\/wp-json\/wp\/v2\/users\/1"}],"replies":[{"embeddable":true,"href":"https:\/\/www.corumbaonline.com.br\/news\/wp-json\/wp\/v2\/comments?post=23314"}],"version-history":[{"count":1,"href":"https:\/\/www.corumbaonline.com.br\/news\/wp-json\/wp\/v2\/posts\/23314\/revisions"}],"predecessor-version":[{"id":23315,"href":"https:\/\/www.corumbaonline.com.br\/news\/wp-json\/wp\/v2\/posts\/23314\/revisions\/23315"}],"wp:attachment":[{"href":"https:\/\/www.corumbaonline.com.br\/news\/wp-json\/wp\/v2\/media?parent=23314"}],"wp:term":[{"taxonomy":"category","embeddable":true,"href":"https:\/\/www.corumbaonline.com.br\/news\/wp-json\/wp\/v2\/categories?post=23314"},{"taxonomy":"post_tag","embeddable":true,"href":"https:\/\/www.corumbaonline.com.br\/news\/wp-json\/wp\/v2\/tags?post=23314"}],"curies":[{"name":"wp","href":"https:\/\/api.w.org\/{rel}","templated":true}]}}