{"id":23326,"date":"2018-10-05T08:12:17","date_gmt":"2018-10-05T12:12:17","guid":{"rendered":"http:\/\/www.corumbaonline.com.br\/news\/?p=23326"},"modified":"2018-10-05T08:32:07","modified_gmt":"2018-10-05T12:32:07","slug":"acaba-o-prazo-para-divulgacao-de-propaganda-eleitoral-paga-na-imprensa","status":"publish","type":"post","link":"https:\/\/www.corumbaonline.com.br\/news\/acaba-o-prazo-para-divulgacao-de-propaganda-eleitoral-paga-na-imprensa\/","title":{"rendered":"Acaba o prazo para divulga\u00e7\u00e3o de propaganda eleitoral paga na imprensa"},"content":{"rendered":"<p>Pelo calend\u00e1rio eleitoral, hoje (5), dois dias antes da elei\u00e7\u00e3o, \u00e9 o \u00faltimo dia para a divulga\u00e7\u00e3o de propaganda eleitoral paga na imprensa escrita e reprodu\u00e7\u00e3o na internet e jornal impresso. A regra est\u00e1 prevista no artigo 43 da Lei 9.504\/1997.<\/p>\n<p>Amanh\u00e3 (6), v\u00e9spera do pleito, \u00e9 o \u00faltimo dia para a propaganda eleitoral com alto-falantes ou amplificadores de som, feita das 8 \u00e0s 22 horas.<\/p>\n<p>Tamb\u00e9m nesse dia, \u00e0s 22 horas, acaba o prazo para a distribui\u00e7\u00e3o de material gr\u00e1fico e a promo\u00e7\u00e3o de caminhadas, carreatas, passeatas ou carros de som que transitem pela cidade divulgando jingles ou mensagens de candidato.<\/p>\n<h2>R\u00e1dio de TV<\/h2>\n<p>No r\u00e1dio e na TV, ontem (4) foi \u00faltimo dia da propaganda eleitoral gratuita do primeiro turno das elei\u00e7\u00f5es.<\/p>\n<p>A propaganda eleitoral come\u00e7ou no dia 16 de agosto e s\u00f3 ser\u00e1 retomada, para o segundo turno, no dia 12 de outubro, primeira sexta-feira ap\u00f3s o primeiro turno das elei\u00e7\u00f5es.<\/p>\n<p>Com\u00edcios e debates no r\u00e1dio e na TV tamb\u00e9m n\u00e3o poder\u00e3o ocorrer.<\/p>\n<p>As datas s\u00e3o fixadas pela Lei Eleitoral e foram alteradas em 2015. Antes da mudan\u00e7a, a propaganda eleitoral gratuita podia come\u00e7ar no dia 6 de julho, ou seja, 41 dias antes do prazo atual.<\/p>\n","protected":false},"excerpt":{"rendered":"<p>Pelo calend\u00e1rio eleitoral, hoje (5), dois dias antes da elei\u00e7\u00e3o, \u00e9 o \u00faltimo dia para&#8230;<\/p>\n","protected":false},"author":1,"featured_media":0,"comment_status":"closed","ping_status":"closed","sticky":false,"template":"","format":"standard","meta":{"footnotes":""},"categories":[101,19],"tags":[],"class_list":["post-23326","post","type-post","status-publish","format-standard","hentry","category-eleicoes","category-politica"],"_links":{"self":[{"href":"https:\/\/www.corumbaonline.com.br\/news\/wp-json\/wp\/v2\/posts\/23326","targetHints":{"allow":["GET"]}}],"collection":[{"href":"https:\/\/www.corumbaonline.com.br\/news\/wp-json\/wp\/v2\/posts"}],"about":[{"href":"https:\/\/www.corumbaonline.com.br\/news\/wp-json\/wp\/v2\/types\/post"}],"author":[{"embeddable":true,"href":"https:\/\/www.corumbaonline.com.br\/news\/wp-json\/wp\/v2\/users\/1"}],"replies":[{"embeddable":true,"href":"https:\/\/www.corumbaonline.com.br\/news\/wp-json\/wp\/v2\/comments?post=23326"}],"version-history":[{"count":1,"href":"https:\/\/www.corumbaonline.com.br\/news\/wp-json\/wp\/v2\/posts\/23326\/revisions"}],"predecessor-version":[{"id":23327,"href":"https:\/\/www.corumbaonline.com.br\/news\/wp-json\/wp\/v2\/posts\/23326\/revisions\/23327"}],"wp:attachment":[{"href":"https:\/\/www.corumbaonline.com.br\/news\/wp-json\/wp\/v2\/media?parent=23326"}],"wp:term":[{"taxonomy":"category","embeddable":true,"href":"https:\/\/www.corumbaonline.com.br\/news\/wp-json\/wp\/v2\/categories?post=23326"},{"taxonomy":"post_tag","embeddable":true,"href":"https:\/\/www.corumbaonline.com.br\/news\/wp-json\/wp\/v2\/tags?post=23326"}],"curies":[{"name":"wp","href":"https:\/\/api.w.org\/{rel}","templated":true}]}}