{"id":23340,"date":"2018-10-05T09:24:30","date_gmt":"2018-10-05T13:24:30","guid":{"rendered":"http:\/\/www.corumbaonline.com.br\/news\/?p=23340"},"modified":"2018-10-05T09:54:28","modified_gmt":"2018-10-05T13:54:28","slug":"criadores-do-filme-corumba-incrivel-participam-de-feira-na-europa","status":"publish","type":"post","link":"https:\/\/www.corumbaonline.com.br\/news\/criadores-do-filme-corumba-incrivel-participam-de-feira-na-europa\/","title":{"rendered":"Criadores do filme Corumb\u00e1 Incr\u00edvel participam de feira na Europa"},"content":{"rendered":"<p>Os produtores Marco Cal\u00e1bria e Bruno Nishino criadores do filme, institucional de Corumb\u00e1, premiado internacionalmente em 2015, para a marca Corumb\u00e1 Incr\u00edvel, utilizada pela Funda\u00e7\u00e3o de Turismo do Pantanal, foram convidados a participar da 11\u00aa ART&amp;TUR Factory que acontece em Portugal no final de outubro.<\/p>\n<p>&nbsp;<\/p>\n<p>Segundo o diretor Marco Cal\u00e1bria, os portugueses ficaram encantados com a produ\u00e7\u00e3o do v\u00eddeo institucional da cidade, \u201caquele filme nos rendeu bons frutos, foi escolhido como melhor filme em L\u00edngua Portuguesa, em um concurso internacional promovido na 8\u00aa edi\u00e7\u00e3o do ART&amp;TUR.\u201d<\/p>\n<p>&nbsp;<\/p>\n<p>No come\u00e7o desta semana, os produtores receberam convite, de um dos organizadores do festival, para participar de uma competi\u00e7\u00e3o onde realizadores e produtores de 8 a 10 pa\u00edses ter\u00e3o que produzir um filme de 2 a 3 minutos, que s\u00e3o obrigatoriamente rodados em aldeias do Centro de Portugal integradas nas redes das Aldeias Hist\u00f3ricas de Portugal e das Aldeias de Xisto.<\/p>\n<p>&nbsp;<\/p>\n<p>\u201cA ideia \u00e9 que realizadores de todo o mundo gravem e produzam pequenos filmes promocionais da regi\u00e3o, que ser\u00e3o depois exibidos numa sess\u00e3o especial. Essa iniciativa \u00e9 inovadora, e um verdadeiro desafio, uma vez que vamos ter que criar, gravar, editar e finalizar um filme tur\u00edstico em poucos dias\u201d, explicou Cal\u00e1bria al\u00e9m de lembrar da troca de experi\u00eancia profissional, \u201co conhecimento adquirido atrav\u00e9s do contato com pessoas de outras regi\u00f5es do mundo, s\u00e3o de uma grandeza imensur\u00e1vel. Por fim, acredito que a visibilidade, para n\u00f3s como\u00a0film makers, em produzir mais um filme com dimens\u00e3o internacional, fa\u00e7a com que tenhamos proje\u00e7\u00e3o no mercado, atrav\u00e9s do nosso portf\u00f3lio e na nossa rede com grandes parceiros, como o Festival em si e os seus colaboradores\u201d.<\/p>\n<p>&nbsp;<\/p>\n<p>Foram convidados a participar desta competi\u00e7\u00e3o realizadores e produtores de pa\u00edses como \u00c1frica do Sul, Brasil, Espanha, Holanda, \u00cdndia, Ir\u00e3o, Jap\u00e3o e Paquist\u00e3o.<\/p>\n<p>As equipes participantes na\u00a0ART&amp;TUR Factory\u00a0ficar\u00e3o instaladas de 19 a 27 de outubro, em Leiria em Portugal, na Aldeia Ruiva, no munic\u00edpio de Proen\u00e7a-a-Nova. A partir desta resid\u00eancia art\u00edstica, poder\u00e3o escolher as aldeias para filmar, desde que sejam integrantes das redes Aldeias Hist\u00f3ricas de Portugal ou Aldeias de Xisto.<\/p>\n<p>Em comum, as equipes t\u00eam tr\u00eas dias para filmar, mais dois para editar e concluir os filmes. Estes ser\u00e3o apresentados ao p\u00fablico e ao j\u00fari do Festival no dia 25 de outubro, \u00e0s 17h45. O vencedor da\u00a0ART&amp;TUR Factory\u00a0ser\u00e1 anunciado no dia seguinte, na Gala de Pr\u00e9mios\u00a0ART&amp;TUR 2018.<\/p>\n<p>A ART&amp;TUR \u2013 Festival Internacional de Cinema de Turismo, acontece em Leiria de 23 a 27 de outubro.<\/p>\n","protected":false},"excerpt":{"rendered":"<p>Os produtores Marco Cal\u00e1bria e Bruno Nishino criadores do filme, institucional de Corumb\u00e1, premiado internacionalmente&#8230;<\/p>\n","protected":false},"author":1,"featured_media":0,"comment_status":"closed","ping_status":"closed","sticky":false,"template":"","format":"standard","meta":{"footnotes":""},"categories":[7],"tags":[],"class_list":["post-23340","post","type-post","status-publish","format-standard","hentry","category-cultura"],"_links":{"self":[{"href":"https:\/\/www.corumbaonline.com.br\/news\/wp-json\/wp\/v2\/posts\/23340","targetHints":{"allow":["GET"]}}],"collection":[{"href":"https:\/\/www.corumbaonline.com.br\/news\/wp-json\/wp\/v2\/posts"}],"about":[{"href":"https:\/\/www.corumbaonline.com.br\/news\/wp-json\/wp\/v2\/types\/post"}],"author":[{"embeddable":true,"href":"https:\/\/www.corumbaonline.com.br\/news\/wp-json\/wp\/v2\/users\/1"}],"replies":[{"embeddable":true,"href":"https:\/\/www.corumbaonline.com.br\/news\/wp-json\/wp\/v2\/comments?post=23340"}],"version-history":[{"count":1,"href":"https:\/\/www.corumbaonline.com.br\/news\/wp-json\/wp\/v2\/posts\/23340\/revisions"}],"predecessor-version":[{"id":23341,"href":"https:\/\/www.corumbaonline.com.br\/news\/wp-json\/wp\/v2\/posts\/23340\/revisions\/23341"}],"wp:attachment":[{"href":"https:\/\/www.corumbaonline.com.br\/news\/wp-json\/wp\/v2\/media?parent=23340"}],"wp:term":[{"taxonomy":"category","embeddable":true,"href":"https:\/\/www.corumbaonline.com.br\/news\/wp-json\/wp\/v2\/categories?post=23340"},{"taxonomy":"post_tag","embeddable":true,"href":"https:\/\/www.corumbaonline.com.br\/news\/wp-json\/wp\/v2\/tags?post=23340"}],"curies":[{"name":"wp","href":"https:\/\/api.w.org\/{rel}","templated":true}]}}