{"id":23348,"date":"2018-10-05T10:21:46","date_gmt":"2018-10-05T14:21:46","guid":{"rendered":"http:\/\/www.corumbaonline.com.br\/news\/?p=23348"},"modified":"2018-10-05T10:47:23","modified_gmt":"2018-10-05T14:47:23","slug":"seminario-faz-reflexoes-sobre-transtornos-mentais-relacionados-ao-trabalho","status":"publish","type":"post","link":"https:\/\/www.corumbaonline.com.br\/news\/seminario-faz-reflexoes-sobre-transtornos-mentais-relacionados-ao-trabalho\/","title":{"rendered":"Semin\u00e1rio faz reflex\u00f5es sobre transtornos mentais relacionados ao trabalho"},"content":{"rendered":"<p>Com o prop\u00f3sito de refletir sobre os transtornos mentais relacionados ao trabalho e da sa\u00fade mental dos servidores da Sa\u00fade, da Educa\u00e7\u00e3o e da Justi\u00e7a e Seguran\u00e7a P\u00fablica do Mato Grosso do Sul, o Semin\u00e1rio de Sa\u00fade Mental no Trabalho foi aberto na noite dessa quinta-feira, 4 de outubro, no Centro de Conven\u00e7\u00f5es do Pantanal.<\/p>\n<p>&nbsp;<\/p>\n<p>O prefeito Marcelo Iunes foi representado pelo subsecret\u00e1rio municipal de Sa\u00fade, F\u00e1bio Lopes Mandu. O evento tamb\u00e9m contou com a presen\u00e7a da coordenadora estadual do CEREST (Centro de Refer\u00eancia em Sa\u00fade do Trabalhador), Maria Madalena Xavier de Almeida, e do coordenador do \u00f3rg\u00e3o em Corumb\u00e1, Alexandre Vasconcelos Cavassa.<\/p>\n<p>&nbsp;<\/p>\n<p>Ap\u00f3s a solenidade de abertura, a procuradora do Trabalho em Tr\u00eas Lagoas e coordenadora regional da Coordenadoria de Meio Ambiente do Trabalho, Cl\u00e1udia Noriler, palestrou o tema \u201cTrabalho decente e escravo\u201d. Graduada em direito e especialista em Direitos Humanos pela UFGD, a procuradora tamb\u00e9m \u00e9 mestranda em Democracia e Cidadania pela UFMS.<\/p>\n<p>&nbsp;<\/p>\n<p>Nessa sexta-feira, dia 06, a programa\u00e7\u00e3o acontece ao longo dos per\u00edodos matutino e vespertino. Pela manh\u00e3 acontecem as palestra com o m\u00e9dico Max Dias Corr\u00eaa, especialista em traumato-ortopedia, m\u00e9dico do trabalho e perito previdenci\u00e1rio, e uma mesa redonda para apresenta\u00e7\u00e3o de pesquisas da Universidade Federal de Mato Grosso do Sul (UFMS).<\/p>\n<p>&nbsp;<\/p>\n<p>A partir das 14 horas ser\u00e1 apresentada a palestra \u201cSofrimento ps\u00edquico e adoecimento no trabalho\u201d. Logo depois acontece uma mesa redonda que vai discutir trabalho infantil e consequ\u00eancias psicol\u00f3gicas; depress\u00e3o; ass\u00e9dio moral e sexual e suic\u00eddio. Participar\u00e3o das discuss\u00f5es a doutora em Educa\u00e7\u00e3o, Beatriz Xavier Flandoli e a psic\u00f3loga Izildinha Netto Bueno Barbosa.<\/p>\n","protected":false},"excerpt":{"rendered":"<p>Com o prop\u00f3sito de refletir sobre os transtornos mentais relacionados ao trabalho e da sa\u00fade&#8230;<\/p>\n","protected":false},"author":1,"featured_media":23349,"comment_status":"closed","ping_status":"closed","sticky":false,"template":"","format":"standard","meta":{"footnotes":""},"categories":[8,21],"tags":[],"class_list":["post-23348","post","type-post","status-publish","format-standard","has-post-thumbnail","hentry","category-destaque","category-saude"],"_links":{"self":[{"href":"https:\/\/www.corumbaonline.com.br\/news\/wp-json\/wp\/v2\/posts\/23348","targetHints":{"allow":["GET"]}}],"collection":[{"href":"https:\/\/www.corumbaonline.com.br\/news\/wp-json\/wp\/v2\/posts"}],"about":[{"href":"https:\/\/www.corumbaonline.com.br\/news\/wp-json\/wp\/v2\/types\/post"}],"author":[{"embeddable":true,"href":"https:\/\/www.corumbaonline.com.br\/news\/wp-json\/wp\/v2\/users\/1"}],"replies":[{"embeddable":true,"href":"https:\/\/www.corumbaonline.com.br\/news\/wp-json\/wp\/v2\/comments?post=23348"}],"version-history":[{"count":1,"href":"https:\/\/www.corumbaonline.com.br\/news\/wp-json\/wp\/v2\/posts\/23348\/revisions"}],"predecessor-version":[{"id":23350,"href":"https:\/\/www.corumbaonline.com.br\/news\/wp-json\/wp\/v2\/posts\/23348\/revisions\/23350"}],"wp:featuredmedia":[{"embeddable":true,"href":"https:\/\/www.corumbaonline.com.br\/news\/wp-json\/wp\/v2\/media\/23349"}],"wp:attachment":[{"href":"https:\/\/www.corumbaonline.com.br\/news\/wp-json\/wp\/v2\/media?parent=23348"}],"wp:term":[{"taxonomy":"category","embeddable":true,"href":"https:\/\/www.corumbaonline.com.br\/news\/wp-json\/wp\/v2\/categories?post=23348"},{"taxonomy":"post_tag","embeddable":true,"href":"https:\/\/www.corumbaonline.com.br\/news\/wp-json\/wp\/v2\/tags?post=23348"}],"curies":[{"name":"wp","href":"https:\/\/api.w.org\/{rel}","templated":true}]}}