{"id":23374,"date":"2018-10-07T08:25:57","date_gmt":"2018-10-07T12:25:57","guid":{"rendered":"http:\/\/www.corumbaonline.com.br\/news\/?p=23374"},"modified":"2018-10-07T08:44:59","modified_gmt":"2018-10-07T12:44:59","slug":"saiba-quem-sao-os-13-candidatos-a-presidente-da-republica","status":"publish","type":"post","link":"https:\/\/www.corumbaonline.com.br\/news\/saiba-quem-sao-os-13-candidatos-a-presidente-da-republica\/","title":{"rendered":"Saiba quem s\u00e3o os 13 candidatos a presidente da Rep\u00fablica"},"content":{"rendered":"<div>Os eleitores ir\u00e3o neste domingo (7) \u00e0s urnas para escolher deputado federal, deputado estadual ou distrital, dois senadores, governador e presidente da Rep\u00fablica. No total, s\u00e3o 13 candidatos a presidente. A vota\u00e7\u00e3o come\u00e7a \u00e0s 8h e termina \u00e0s 17h (hor\u00e1rio local) em todo o pa\u00eds.<\/p>\n<p><b>Saiba quem s\u00e3o os candidatos a presidente da Rep\u00fablica por ordem alfab\u00e9tica:<\/b><\/div>\n<div><\/div>\n<div><strong>Alvaro Dias (Podemos -19)<\/strong><\/div>\n<div><\/div>\n<div class=\"dnd-widget-wrapper context-medio_4colunas type-image atom-align-left\">\n<div class=\"dnd-atom-rendered\">\n<figure class=\"mejs-fotoh-wrapper\">\n<p><figure style=\"width: 365px\" class=\"wp-caption alignnone\"><img loading=\"lazy\" decoding=\"async\" class=\"img-responsive full full\" title=\"Jos\u00e9 Cruz\/Ag\u00eancia Brasil\/Ag\u00eancia Brasil\" src=\"http:\/\/imagens.ebc.com.br\/tWn3gMwS8x4JsEuFnTqhy84WFeo=\/365x0\/smart\/http:\/\/agenciabrasil.ebc.com.br\/sites\/default\/files\/thumbnails\/image\/jfcrz_abr_0608182726.jpg?itok=S7Mc9dbg\" alt=\"O candidato \u00e0 Presid\u00eancia da Republica, \u00c1lvaro Dias (Podemos) participa do debate &amp;quot;Futuro do Brasil&amp;quot;, realizado pela Coaliz\u00e3o pela Constru\u00e7\u00e3o, formada por 26 das mais importantes entidades representativas da ind\u00fastria da constru\u00e7\u00e3o.\" width=\"365\" height=\"243\" \/><figcaption class=\"wp-caption-text\">Alvaro Dias &#8211; Jos\u00e9 Cruz\/Arquivo\/Ag\u00eancia Brasil<\/figcaption><\/figure><\/figure>\n<\/div>\n<\/div>\n<div>Candidato da coliga\u00e7\u00e3o Pode, PRP, PSC e PTC, Alvaro Dias tem 73 anos e\u00a0est\u00e1 no quarto mandato de senador. De 1987 a 1991, foi governador do Paran\u00e1, \u00e0 \u00e9poca pelo PMDB. Na d\u00e9cada de 1970, foi deputado federal por tr\u00eas legislaturas. Antes, foi vereador de Londrina (PR) e deputado estadual no Paran\u00e1. Formado em hist\u00f3ria, ele j\u00e1 mudou de siglas sete vezes. Eleito senador em 2014 pelo PSDB, migrou para o PV e, em julho do ano passado, buscou o Podemos, antigo PTN, para se unir \u00e0 tentativa da sigla de imprimir a bandeira da renova\u00e7\u00e3o da pol\u00edtica e da participa\u00e7\u00e3o direta do povo. Declarou\u00a0<span id=\"OBJ_PREFIX_DWT524_com_zimbra_date\"><span id=\"OBJ_PREFIX_DWT1818_com_zimbra_date\">ter<\/span><\/span>\u00a0patrim\u00f4nio de R$ 2,9 milh\u00f5es.<\/div>\n<div><\/div>\n<div>Vice: Paulo Rabello (PSC)<\/div>\n<div><\/div>\n<p><strong>Cabo Daciolo (Patriota &#8211; 51)<\/strong><\/p>\n<div class=\"dnd-widget-wrapper context-medio_4colunas type-image atom-align-left\">\n<div class=\"dnd-atom-rendered\">\n<figure class=\"mejs-fotoh-wrapper\">\n<p><figure style=\"width: 365px\" class=\"wp-caption alignnone\"><img loading=\"lazy\" decoding=\"async\" class=\"img-responsive full full\" title=\"Zeca Ribeiro\/C\u00e2mara dos Deputad\/Ag\u00eancia Brasil\" src=\"http:\/\/imagens.ebc.com.br\/5ok_a9o8wpuw63z2rhxF9qKCltg=\/365x0\/smart\/http:\/\/agenciabrasil.ebc.com.br\/sites\/default\/files\/thumbnails\/image\/cabo_daciolo.jpg?itok=uZlcyWbO\" alt=\"Cabo Daciolo \u00e9 confirmado como candidato do Patriota nas elei\u00e7\u00f5es 2018\" width=\"365\" height=\"239\" \/><figcaption class=\"wp-caption-text\">Cabo Daciolo &#8211; Zeca Ribeiro\/C\u00e2mara dos Deputados<\/figcaption><\/figure><\/figure>\n<\/div>\n<\/div>\n<p>O Patriota n\u00e3o fez alian\u00e7a para a elei\u00e7\u00e3o presidencial. \u00c9 a chamada chapa &#8220;puro sangue&#8221;, quando h\u00e1 um \u00fanico partido. O candidato foi eleito deputado federal pelo Rio<span id=\"OBJ_PREFIX_DWT525_com_zimbra_date\">\u00a0de Janeiro<\/span>\u00a0nas elei\u00e7\u00f5es de 2014. Integrante do Corpo de Bombeiros, Cabo Daciolo, 42 anos, foi filiado ao PSOL, PTdoB e ao Avante. Nascido em 1976, na cidade de Florian\u00f3polis, \u00e9 casado com Cristiane Daciolo e tem tr\u00eas filhos. Bombeiro, ganhou notoriedade em 2011 por liderar a greve da categoria no Rio<span id=\"OBJ_PREFIX_DWT526_com_zimbra_date\">\u00a0de Janeiro<\/span>. Foi lan\u00e7ado\u00a0pr\u00e9-candidato em\u00a0<span id=\"OBJ_PREFIX_DWT527_com_zimbra_date\"><span id=\"OBJ_PREFIX_DWT1819_com_zimbra_date\">28 de mar<\/span><\/span>\u00e7o de 2018 pelo Patriota, antigo PEN. N\u00e3o apresentou lista de bens ao Tribunal Superior Eleitoral (TSE).<\/p>\n<p>Vice: Suelene Balduino (Patri)<\/p>\n<p><strong>Ciro Gomes (PDT- 12)<\/strong><\/p>\n<div class=\"dnd-widget-wrapper context-medio_4colunas type-image atom-align-left\">\n<div class=\"dnd-atom-rendered\">\n<figure class=\"mejs-fotoh-wrapper\">\n<p><figure style=\"width: 365px\" class=\"wp-caption alignnone\"><img loading=\"lazy\" decoding=\"async\" class=\"img-responsive full full\" title=\"Jos\u00e9 Cruz\/Ag\u00eancia Brasil\/Ag\u00eancia Brasil\" src=\"http:\/\/imagens.ebc.com.br\/CHWFThq7TOmBVvb4zsCpaMFTpVU=\/365x0\/smart\/http:\/\/agenciabrasil.ebc.com.br\/sites\/default\/files\/thumbnails\/image\/jcrz_abr_1408183125df.jpg?itok=dsbfxwEk\" alt=\"O candidato \u00e0 Presid\u00eancia da Rep\u00fablica, Ciro Gomes, do PDT, discursa durante o evento, Di\u00e1logos Eleitor, realizado pela Uni\u00e3o Nacional de Entidades do Com\u00e9rcio e Servi\u00e7os (Unecs).\" width=\"365\" height=\"243\" \/><figcaption class=\"wp-caption-text\">Ciro Gomes &#8211; Jos\u00e9 Cruz\/Arquivo\/Ag\u00eancia Brasil<\/figcaption><\/figure><\/figure>\n<\/div>\n<\/div>\n<p>Candidato da coliga\u00e7\u00e3o PDT e Avante. \u00c9\u00a0natural de Pindamonhangaba (SP), mas construiu sua carreira pol\u00edtica no Cear\u00e1, onde foi prefeito de Fortaleza, eleito em 1988, e governador do estado, eleito em 1990. Renunciou ao cargo de governador, em 1994, para assumir o Minist\u00e9rio da Fazenda, no governo Itamar Franco (1992-1994), por indica\u00e7\u00e3o do PSDB, seu partido na \u00e9poca. Foi ministro da Integra\u00e7\u00e3o Nacional de 2003 a 2006, no governo do ent\u00e3o presidente Luiz In\u00e1cio Lula da Silva, e tocou o projeto de Transposi\u00e7\u00e3o do Rio S\u00e3o Francisco. Tem 60 anos e quatro filhos. Disputa a Presid\u00eancia pela terceira vez. Declarou patrim\u00f4nio de R$ 1,7 milh\u00e3o.<\/p>\n<p>Vice: K\u00e1tia Abreu (PDT)<\/p>\n<p><strong>Fernando Haddad (PT-13)<\/strong><\/p>\n<div class=\"dnd-widget-wrapper context-medio_4colunas type-image atom-align-left\">\n<div class=\"dnd-atom-rendered\">\n<figure class=\"mejs-fotoh-wrapper\">\n<p><figure style=\"width: 365px\" class=\"wp-caption alignnone\"><img loading=\"lazy\" decoding=\"async\" class=\"img-responsive full full\" title=\"Jos\u00e9 Cruz\/Ag\u00eancia Brasil\/Ag\u00eancia Brasil\" src=\"http:\/\/imagens.ebc.com.br\/RtRXRN5S5XO0PgRGt49AjVDW8tU=\/365x0\/smart\/http:\/\/agenciabrasil.ebc.com.br\/sites\/default\/files\/thumbnails\/image\/jfcrz_abr_1408183190.jpg?itok=3ZZWL3lO\" alt=\"O candidato \u00e0 Vice-Presid\u00eancia da Rep\u00fablica, Fernando Haddad, do PT, discursa durante o evento, Di\u00e1logos Eleitor, realizado pela Uni\u00e3o Nacional de Entidades do Com\u00e9rcio e Servi\u00e7os (Unecs).\" width=\"365\" height=\"243\" \/><figcaption class=\"wp-caption-text\">Fernando Haddad &#8211; Jos\u00e9 Cruz\/Arquivo\/Ag\u00eancia Brasil<\/figcaption><\/figure><\/figure>\n<\/div>\n<\/div>\n<p>Candidato da coliga\u00e7\u00e3o PT, PCdoB e PROS,\u00a0Haddad nasceu em S\u00e3o Paulo (SP),em 1963. \u00c9 professor de ci\u00eancia pol\u00edtica da Universidade de S\u00e3o Paulo (USP), onde estudou direito na gradua\u00e7\u00e3o, economia no mestrado e filosofia no doutorado. Inicialmente, estava como vice na chapa com Luiz In\u00e1cio Lula da Silva. Ap\u00f3s a candidatura de Lula ter sido indeferida pela Justi\u00e7a Eleitoral, assumiu o posto de candidato a presidente da coliga\u00e7\u00e3o. Foi Subsecret\u00e1rio de Finan\u00e7as e Desenvolvimento Econ\u00f4mico da Prefeitura de S\u00e3o Paulo. Integrou o Minist\u00e9rio do Planejamento no governo Lula. Em julho de 2005, assumiu o Minist\u00e9rio\u00a0da Educa\u00e7\u00e3o, onde ficou at\u00e9 janeiro de 2012. Neste ano,\u00a0foi eleito prefeito de S\u00e3o Paulo. Declarou patrim\u00f4nio de R$ 428,4 mil\u00a0em bens.<\/p>\n<p>Vice: Manuela D&#8217;\u00e1vila (PCdoB)<\/p>\n<p><strong>Geraldo Alckmin (PSDB-45)<\/strong><\/p>\n<div class=\"dnd-widget-wrapper context-medio_4colunas type-image atom-align-left\">\n<div class=\"dnd-atom-rendered\">\n<figure class=\"mejs-fotoh-wrapper\">\n<p><figure style=\"width: 365px\" class=\"wp-caption alignnone\"><img loading=\"lazy\" decoding=\"async\" class=\"img-responsive full full\" title=\"Valter Campanato\/Ag\u00eancia Brasil\/Ag\u00eancia Brasil\" src=\"http:\/\/imagens.ebc.com.br\/UmmJYKyNppfABilQ16jpi_Fl9JI=\/365x0\/smart\/http:\/\/agenciabrasil.ebc.com.br\/sites\/default\/files\/thumbnails\/image\/vac_abr_1408183210.jpg?itok=pauX31yA\" alt=\"O candidato \u00e0 Presid\u00eancia da Rep\u00fablica, Geraldo Alckmin, do PSDB, discursa durante o evento,  Di\u00e1logos Eleitor, realizado pela  Uni\u00e3o Nacional de Entidades do Com\u00e9rcio e Servi\u00e7os (Unecs).\" width=\"365\" height=\"243\" \/><figcaption class=\"wp-caption-text\">Geraldo Alckmin &#8211; Valter Campanato\/Arquivo\/Ag\u00eancia Brasil<\/figcaption><\/figure><\/figure>\n<\/div>\n<\/div>\n<p>Candidato da coliga\u00e7\u00e3o PSDB, PTB, PP, PR, DEM, SD, PPS, PRB e PSD. Quatro vezes governador de S\u00e3o Paulo, Alckmin \u00e9 um dos fundadores do PSDB. Formado em medicina pela Universidade de Taubat\u00e9, come\u00e7ou a carreira pol\u00edtica em 1972, em Pindamonhangaba, onde foi eleito vereador, presidente da C\u00e2mara dos Vereadores e prefeito da cidade. Em 1982, foi eleito deputado estadual. Participou da Assembleia Nacional Constituinte de 1986, antes de chegar ao governo de S\u00e3o Paulo em 2001, como vice do governador M\u00e1rio Covas. Aos 65 anos, vai disputar pela\u00a0<span id=\"OBJ_PREFIX_DWT528_com_zimbra_date\"><span id=\"OBJ_PREFIX_DWT1820_com_zimbra_date\">segunda<\/span><\/span>\u00a0vez a elei\u00e7\u00e3o presidencial. Declarou patrim\u00f4nio de R$ 1,4 milh\u00e3o.<\/p>\n<p>Vice: Ana Am\u00e9lia Lemos (PP)<\/p>\n<p><strong>Guilherme Boulos (PSOL-50)<\/strong><\/p>\n<div class=\"dnd-widget-wrapper context-medio_4colunas type-image atom-align-left\">\n<div class=\"dnd-atom-rendered\">\n<figure class=\"mejs-fotoh-wrapper\">\n<p><figure style=\"width: 365px\" class=\"wp-caption alignnone\"><img loading=\"lazy\" decoding=\"async\" class=\"img-responsive full full\" title=\"TV Brasil\/Ag\u00eancia Brasil\" src=\"http:\/\/imagens.ebc.com.br\/yp5Ava9BXck4d1N4Fwidph3UbCU=\/365x0\/smart\/http:\/\/agenciabrasil.ebc.com.br\/sites\/default\/files\/thumbnails\/image\/guilherme_boulos_tv_brasil-1.jpg?itok=by4m39bR\" alt=\"Guilherme Boulos \u00e9 o candidato do PSOL \u00e0 Presid\u00eancia da Rep\u00fablica \" width=\"365\" height=\"243\" \/><figcaption class=\"wp-caption-text\">Guilherme Boulos &#8211; Arquivo\/TV Brasil<\/figcaption><\/figure><\/figure>\n<\/div>\n<\/div>\n<p>Candidato da coliga\u00e7\u00e3o PSOL e PCB. Natural de S\u00e3o Paulo, tem 35 anos, \u00e9 filho de m\u00e9dicos e professores da Universidade de S\u00e3o Paulo (USP). Fil\u00f3sofo formado pela Faculdade de Filosofia, Letras e Ci\u00eancias Humanas da USP, na qual ingressou no ano 2000. Tamb\u00e9m \u00e9 psicanalista, professor e escritor. Sua vida pol\u00edtica come\u00e7ou em 1997, aos 15 anos, quando ingressou no movimento estudantil como militante na Uni\u00e3o da Juventude Comunista (UJC). Depois conheceu o Movimento dos Trabalhadores Sem Terra (MST) e o Movimento dos Trabalhadores Sem Teto (MTST), do qual \u00e9 coordenador. Declarou patrim\u00f4nio de R$ 15,4 mil.<\/p>\n<p>Vice: S\u00f4nia Guajajara (PSOL)<\/p>\n<p><strong>Henrique Meirelles (MDB-15)<\/strong><\/p>\n<div class=\"dnd-widget-wrapper context-medio_4colunas type-image atom-align-left\">\n<div class=\"dnd-atom-rendered\">\n<figure class=\"mejs-fotoh-wrapper\">\n<p><figure style=\"width: 365px\" class=\"wp-caption alignnone\"><img loading=\"lazy\" decoding=\"async\" class=\"img-responsive full full\" title=\"Antonio Cruz\/Ag\u00eancia Brasil\/Ag\u00eancia Brasil\" src=\"http:\/\/imagens.ebc.com.br\/t6VmrTnMEw0mV-NcPSRTCyRId4o=\/365x0\/smart\/http:\/\/agenciabrasil.ebc.com.br\/sites\/default\/files\/thumbnails\/image\/antcrz_abr_0208182660df.jpg?itok=3dVsjZHt\" alt=\"O ex-ministro Henrique Meirelles durante conven\u00e7\u00e3o Nacional do MDB em Bras\u00edlia.\" width=\"365\" height=\"243\" \/><figcaption class=\"wp-caption-text\">Henrique Meirelles &#8211; Antonio Cruz\/Arquivo\/Ag\u00eancia Brasil<\/figcaption><\/figure><\/figure>\n<\/div>\n<\/div>\n<p>Disputar\u00e1 a elei\u00e7\u00e3o presidencial pela coliga\u00e7\u00e3o MDB e PHS. Goiano de An\u00e1polis, tem 72 anos. Em 2002, foi eleito deputado federal pelo PSDB, cargo do qual abdicou para comandar o Banco Central de 2003 a novembro de 2010, no governo Lula. No governo do presidente Michel Temer, comandou o Minist\u00e9rio da Fazenda<span id=\"OBJ_PREFIX_DWT98_com_zimbra_date\">\u00a0de maio<\/span>\u00a0de 2016 a abril de 2018. Construiu a carreira como economista no mercado internacional, assumiu a presid\u00eancia mundial do BankBoston, no qual ingressou em 1974, e tornou-se presidente da institui\u00e7\u00e3o no Brasil em 1984. Tem patrim\u00f4nio declarado R$ 377,5 milh\u00f5es.<\/p>\n<p>Vice: Germano Rigotto (MDB)<\/p>\n<p><strong>Jair Bolsonaro (PSL-17)<\/strong><\/p>\n<div class=\"dnd-widget-wrapper context-medio_4colunas type-image atom-align-left\">\n<div class=\"dnd-atom-rendered\">\n<figure class=\"mejs-fotoh-wrapper\">\n<p><figure style=\"width: 365px\" class=\"wp-caption alignnone\"><img loading=\"lazy\" decoding=\"async\" class=\"img-responsive full full\" title=\"16 15:40:34\/Ag\u00eancia Brasil\" src=\"http:\/\/imagens.ebc.com.br\/hCHblNkWWryCup-WQWASMMzhV8o=\/365x0\/smart\/http:\/\/agenciabrasil.ebc.com.br\/sites\/default\/files\/atoms\/image\/940768-bolsonaro_3.jpg?itok=h8PgdhZG\" alt=\"O deputado Jair Bolsonaro durante sess\u00e3o do Conselho de \u00c9tica da C\u00e2mara dos Deputados que instaurou nesta ter\u00e7a-feira (16) processo por quebra de decoro contra o deputado (Wilson Dias\/Ag\u00eancia Brasil) \" width=\"365\" height=\"243\" \/><figcaption class=\"wp-caption-text\">Jair Bolsonaro &#8211; Wilson Dias\/Arquivo\/Ag\u00eancia Brasil<\/figcaption><\/figure><\/figure>\n<\/div>\n<\/div>\n<p>Candidato da coliga\u00e7\u00e3o PSL e PRTB, conta tamb\u00e9m com o apoio dos defensores da monarquia. Militar, Bolsonaro, 63 anos, est\u00e1 no s\u00e9timo mandato na C\u00e2mara dos Deputados e tem uma carreira de 25 anos ininterruptos no Congresso Nacional. Foi o candidato a deputado federal mais votado no Rio<span id=\"OBJ_PREFIX_DWT529_com_zimbra_date\">\u00a0de Janeiro<\/span>, nas elei\u00e7\u00f5es de 2014, com 464 mil votos. Casado tr\u00eas vezes, tem cinco filhos, dos quais tr\u00eas est\u00e3o na vida pol\u00edtica. Capit\u00e3o da reserva do Ex\u00e9rcito, filiou-se ao PSL, seu nono partido, para disputar a elei\u00e7\u00e3o presidencial. Natural de Glic\u00e9rio (RJ), Bolsonaro construiu carreira pol\u00edtica no Rio<span id=\"OBJ_PREFIX_DWT530_com_zimbra_date\">\u00a0de Janeiro<\/span>. Declarou patrim\u00f4nio de R$ 2,3 milh\u00f5es.<\/p>\n<p>Vice: General Mour\u00e3o (PRTB)<\/p>\n<p><strong>Jo\u00e3o Amo\u00eado (Novo-30)<\/strong><\/p>\n<div class=\"dnd-widget-wrapper context-medio_4colunas type-image atom-align-left\">\n<div class=\"dnd-atom-rendered\">\n<figure class=\"mejs-fotoh-wrapper\">\n<p><figure style=\"width: 365px\" class=\"wp-caption alignnone\"><img loading=\"lazy\" decoding=\"async\" class=\"img-responsive full full\" title=\"Rovena Rosa\/Ag\u00eancia Brasil\/Ag\u00eancia Brasil\" src=\"http:\/\/imagens.ebc.com.br\/m55ObqrSpkUpMGJSiDMDmdCl3ko=\/365x0\/smart\/http:\/\/agenciabrasil.ebc.com.br\/sites\/default\/files\/thumbnails\/image\/rvrsa_abr20120713_1290.jpg?itok=4w81-Z3x\" alt=\"Partido Novo confirma Jo\u00e3o Amo\u00eado como candidato a presidente\" width=\"365\" height=\"243\" \/><figcaption class=\"wp-caption-text\">Jo\u00e3o Amo\u00eado &#8211; Rovena Rosa\/Arquivo\/Ag\u00eancia Brasil<\/figcaption><\/figure><\/figure>\n<\/div>\n<\/div>\n<p>O Partido Novo n\u00e3o fez alian\u00e7a para a elei\u00e7\u00e3o presidencial. Natural do Rio<span id=\"OBJ_PREFIX_DWT531_com_zimbra_date\">\u00a0de Janeiro<\/span>, Amo\u00eado, 55 anos, \u00e9 formado em engenharia civil e administra\u00e7\u00e3o. Foi diretor executivo do Banco BBA Creditanstalt, presidente da Fina\u00fastria CFI, vice-presidente e membro do Conselho de Administra\u00e7\u00e3o do Unibanco e\u00a0integrante do Conselho de Administra\u00e7\u00e3o do Banco Ita\u00fa BBA e do Conselho de Administra\u00e7\u00e3o da empresa Jo\u00e3o Fortes Engenharia. Fundou o Partido Novo com membros da sociedade civil, que passam por processo seletivo para se tornarem candidatos. \u00c9 casado e tem tr\u00eas filhas. Declarou patrim\u00f4nio de R$ 425 milh\u00f5es.<\/p>\n<p>Vice: Professor Christian (Novo)<\/p>\n<p><strong>Jo\u00e3o Goulart Filho (PPL-54)<\/strong><\/p>\n<div class=\"dnd-widget-wrapper context-medio_4colunas type-image atom-align-left\">\n<div class=\"dnd-atom-rendered\">\n<figure class=\"mejs-fotoh-wrapper\">\n<p><figure style=\"width: 365px\" class=\"wp-caption alignnone\"><img loading=\"lazy\" decoding=\"async\" class=\"img-responsive full full\" title=\"PPL\/Direitos reservados\/Ag\u00eancia Brasil\" src=\"http:\/\/imagens.ebc.com.br\/1zDmN4UHfpv6hZJpUJJKXiGsiRQ=\/365x0\/smart\/http:\/\/agenciabrasil.ebc.com.br\/sites\/default\/files\/thumbnails\/image\/joao_goulart_filho.jpg?itok=jX-SYp8Q\" alt=\"PPL lan\u00e7a Jo\u00e3o Goulart Filho a candidato a presidente nas elei\u00e7\u00f5es de 2018\" width=\"365\" height=\"194\" \/><figcaption class=\"wp-caption-text\">Jo\u00e3o Goulart Filho PPL\/Direitos reservados<\/figcaption><\/figure><\/figure>\n<\/div>\n<\/div>\n<p>Pela primeira vez\u00a0na disputa para a\u00a0Presid\u00eancia da Rep\u00fablica, n\u00e3o fez coliga\u00e7\u00e3o. Jo\u00e3o Goulart Filho, 61 anos, \u00e9 poeta, fil\u00f3sofo, escritor e fundador do Instituto Jo\u00e3o Goulart, dedicado \u00e0 pesquisa hist\u00f3rica e \u00e0 reflex\u00e3o sobre o processo pol\u00edtico brasileiro. Filho do ex-presidente Jo\u00e3o Goulart, conhecido como Jango, deposto em 1964 pelo golpe militar, o candidato adotou o nome pol\u00edtico em homenagem ao pai. Foi deputado estadual no Rio Grande do Sul pelo PDT, partido que\u00a0trocou pelo PPL. \u00c9 autor de\u00a0<em>Jango e Eu: Mem\u00f3rias de um Ex\u00edlio sem Volta<\/em>, indicado ao Pr\u00eamio Jabuti. Declarou patrim\u00f4nio de R$ 8,6 milh\u00f5es.<\/p>\n<p>Vice: L\u00e9o Alves<\/p>\n<p><strong>Jos\u00e9 Maria Eymael (DC-27)<\/strong><\/p>\n<div class=\"dnd-widget-wrapper context-medio_4colunas type-image atom-align-left\">\n<div class=\"dnd-atom-rendered\">\n<figure class=\"mejs-fotoh-wrapper\">\n<p><figure style=\"width: 365px\" class=\"wp-caption alignnone\"><img loading=\"lazy\" decoding=\"async\" class=\"img-responsive full full\" title=\"PDSC\/Divulga\u00e7\u00e3o\/Ag\u00eancia Brasil\" src=\"http:\/\/imagens.ebc.com.br\/EyizCAgAcRLKO5wP_UGhhJRoqko=\/365x0\/smart\/http:\/\/agenciabrasil.ebc.com.br\/sites\/default\/files\/atoms\/image\/eymael_psdc_1.jpg?itok=nOiJtSUN\" alt=\"Jos\u00e9 Maria Eymael\" width=\"365\" height=\"256\" \/><figcaption class=\"wp-caption-text\">Jos\u00e9 Maria Eymael &#8211; DC\/Divulga\u00e7\u00e3o<\/figcaption><\/figure><\/figure>\n<\/div>\n<\/div>\n<p>Pela\u00a0<span id=\"OBJ_PREFIX_DWT1821_com_zimbra_date\">quinta<\/span>\u00a0vez, disputa as elei\u00e7\u00f5es presidenciais. A\u00a0Democracia Crist\u00e3 n\u00e3o fez alian\u00e7a para a elei\u00e7\u00e3o presidencial. Natural de Porto Alegre, Eymael, 78 anos, cursou filosofia e direito na Pontif\u00edcia Universidade Cat\u00f3lica (PUC) do Rio Grande do Sul. \u00c9 empres\u00e1rio h\u00e1 46 anos nas \u00e1reas de\u00a0<em>marketing<\/em>, comunica\u00e7\u00e3o e inform\u00e1tica. Come\u00e7ou a trabalhar aos 12 anos de idade como auxiliar de tipografia. Mais tarde, foi um dos l\u00edderes da Juventude Operaria Cat\u00f3lica (JOC). Em 1962, ingressou no Partido Democrata Crist\u00e3o (PDC) em Porto Alegre, passando a atuar na Juventude Democrata Crist\u00e3. Declarou patrim\u00f4nio de R$ 6,1 milh\u00f5es.<\/p>\n<p>Vice: Helvio Costa (DC)<\/p>\n<p><strong>Marina Silva (Rede-18)<\/strong><\/p>\n<div class=\"dnd-widget-wrapper context-medio_4colunas type-image atom-align-left\">\n<div class=\"dnd-atom-rendered\">\n<figure class=\"mejs-fotoh-wrapper\">\n<p><figure style=\"width: 365px\" class=\"wp-caption alignnone\"><img loading=\"lazy\" decoding=\"async\" class=\"img-responsive full full\" title=\"Jos\u00e9 Cruz\/Ag\u00eancia Brasil\/Ag\u00eancia Brasil\" src=\"http:\/\/imagens.ebc.com.br\/XZ0TnK8JFKYIxDxfYzZUlnOPQKo=\/365x0\/smart\/http:\/\/agenciabrasil.ebc.com.br\/sites\/default\/files\/thumbnails\/image\/jfcrz_abr_0608182709df.jpg?itok=3GhW7rWP\" alt=\"A candidata \u00e0 Presid\u00eancia da Rep\u00fablica, Marina Silva (Rede) participa do debate &amp;quot;Futuro do Brasil&amp;quot;, realizado pela Coaliz\u00e3o pela Constru\u00e7\u00e3o, formada por 26 das mais importantes entidades representativas da ind\u00fastria da constru\u00e7\u00e3o.\" width=\"365\" height=\"243\" \/><figcaption class=\"wp-caption-text\">Marina Silva &#8211; Jos\u00e9 Cruz\/Arquivo\/Ag\u00eancia Brasil<\/figcaption><\/figure><\/figure>\n<\/div>\n<\/div>\n<p>Disputa a elei\u00e7\u00e3o pela alian\u00e7a Rede e PV. Nasceu em uma pequena comunidade chamada Breu Velho, no Seringal Baga\u00e7o, em Rio Branco, no Acre. Em 1984, Marina Silva, 60 anos, ajudou a fundar a Central \u00danica dos Trabalhadores (CUT) no Acre. No ano seguinte, filiou-se ao PT. Foi eleita pela primeira vez a um cargo p\u00fablico nas elei\u00e7\u00f5es de 1988, quando foi a vereadora mais votada de Rio Branco. Depois disso, foi eleita deputada estadual e senadora (dois mandatos). Foi ministra do Meio Ambiente no governo\u00a0Lula. Disputar\u00e1 a elei\u00e7\u00e3o presidencial pela terceira vez. Declarou patrim\u00f4nio de R$ 118,8 mil.<\/p>\n<p>Vice: Eduardo Jorge (PV)<\/p>\n<p><strong>Vera L\u00facia (PSTU-16)<\/strong><\/p>\n<div class=\"dnd-widget-wrapper context-medio_4colunas type-image atom-align-left\">\n<div class=\"dnd-atom-rendered\">\n<figure class=\"mejs-fotoh-wrapper\">\n<p><figure style=\"width: 365px\" class=\"wp-caption alignnone\"><img loading=\"lazy\" decoding=\"async\" class=\"img-responsive full full\" title=\"Romerito Pontes\/Direitos Reservados\/Ag\u00eancia Brasil\" src=\"http:\/\/imagens.ebc.com.br\/zTICqxGTOeX2URvvnGs-peGdy-0=\/365x0\/smart\/http:\/\/agenciabrasil.ebc.com.br\/sites\/default\/files\/thumbnails\/image\/vera_lucia_pstu.jpg?itok=u2Sh383l\" alt=\"Vera L\u00facia do PSTU\" width=\"365\" height=\"243\" \/><figcaption class=\"wp-caption-text\">Vera L\u00facia &#8211; Romerito Pontes\/Direitos Reservados<\/figcaption><\/figure><\/figure>\n<\/div>\n<\/div>\n<p>Chapa &#8220;puro sangue&#8221;, o\u00a0PSTU n\u00e3o fez alian\u00e7a para a elei\u00e7\u00e3o presidencial. Oper\u00e1ria da ind\u00fastria cal\u00e7adista, com trajet\u00f3ria no movimento sindical e popular, Vera L\u00facia, 50 anos, nasceu no sert\u00e3o pernambucano e se mudou ainda crian\u00e7a para Aracaju, com a fam\u00edlia, fugindo da seca. Na capital sergipana, trabalhou como gar\u00e7onete e datil\u00f3grafa antes de conseguir um emprego na f\u00e1brica de cal\u00e7ados Azaleia, onde iniciou a milit\u00e2ncia sindical. \u00c9 formada em ci\u00eancias sociais pela Universidade Federal de Sergipe (UFS) e se dedica atualmente \u00e0 forma\u00e7\u00e3o pol\u00edtica de ativistas. Declarou patrim\u00f4nio de R$ 20 mil.<\/p>\n<p>Vice: Hertz Dias (PSTU)<\/p>\n","protected":false},"excerpt":{"rendered":"<p>Os eleitores ir\u00e3o neste domingo (7) \u00e0s urnas para escolher deputado federal, deputado estadual ou&#8230;<\/p>\n","protected":false},"author":1,"featured_media":0,"comment_status":"closed","ping_status":"closed","sticky":false,"template":"","format":"standard","meta":{"footnotes":""},"categories":[101,19],"tags":[],"class_list":["post-23374","post","type-post","status-publish","format-standard","hentry","category-eleicoes","category-politica"],"_links":{"self":[{"href":"https:\/\/www.corumbaonline.com.br\/news\/wp-json\/wp\/v2\/posts\/23374","targetHints":{"allow":["GET"]}}],"collection":[{"href":"https:\/\/www.corumbaonline.com.br\/news\/wp-json\/wp\/v2\/posts"}],"about":[{"href":"https:\/\/www.corumbaonline.com.br\/news\/wp-json\/wp\/v2\/types\/post"}],"author":[{"embeddable":true,"href":"https:\/\/www.corumbaonline.com.br\/news\/wp-json\/wp\/v2\/users\/1"}],"replies":[{"embeddable":true,"href":"https:\/\/www.corumbaonline.com.br\/news\/wp-json\/wp\/v2\/comments?post=23374"}],"version-history":[{"count":1,"href":"https:\/\/www.corumbaonline.com.br\/news\/wp-json\/wp\/v2\/posts\/23374\/revisions"}],"predecessor-version":[{"id":23375,"href":"https:\/\/www.corumbaonline.com.br\/news\/wp-json\/wp\/v2\/posts\/23374\/revisions\/23375"}],"wp:attachment":[{"href":"https:\/\/www.corumbaonline.com.br\/news\/wp-json\/wp\/v2\/media?parent=23374"}],"wp:term":[{"taxonomy":"category","embeddable":true,"href":"https:\/\/www.corumbaonline.com.br\/news\/wp-json\/wp\/v2\/categories?post=23374"},{"taxonomy":"post_tag","embeddable":true,"href":"https:\/\/www.corumbaonline.com.br\/news\/wp-json\/wp\/v2\/tags?post=23374"}],"curies":[{"name":"wp","href":"https:\/\/api.w.org\/{rel}","templated":true}]}}