{"id":23386,"date":"2018-10-07T10:10:46","date_gmt":"2018-10-07T14:10:46","guid":{"rendered":"http:\/\/www.corumbaonline.com.br\/news\/?p=23386"},"modified":"2018-10-07T13:59:17","modified_gmt":"2018-10-07T17:59:17","slug":"alvaro-dias-vota-e-diz-que-campanhas-eleitorais-sao-injustas","status":"publish","type":"post","link":"https:\/\/www.corumbaonline.com.br\/news\/alvaro-dias-vota-e-diz-que-campanhas-eleitorais-sao-injustas\/","title":{"rendered":"Alvaro Dias vota e diz que campanhas eleitorais s\u00e3o injustas"},"content":{"rendered":"<p>O candidato do Pode \u00e0 Presid\u00eancia da Rep\u00fablica, Alvaro Dias, votou na manh\u00e3 de hoje (7), no Col\u00e9gio M\u00e3e de Deus, em Londrina, no Paran\u00e1. Ap\u00f3s a vota\u00e7\u00e3o, ele concedeu uma entrevista coletiva em que se disse preocupado com a desigualdade acentuada no pa\u00eds e que se apresenta de modo mais claro durante as elei\u00e7\u00f5es.<\/p>\n<p>Segundo o candidato, a forma como se faz pol\u00edtica no Brasil privilegia apenas alguns em detrimento de outros. De acordo com ele, a campanha \u00e9 \u201cantidemocr\u00e1tica, desonesta e injusta\u201d, porque nem todos os candidatos t\u00eam as mesmas oportunidades para participar de entrevistas e debates.<\/p>\n<p>Com um discurso de quem demonstra n\u00e3o ter confian\u00e7a que ir\u00e1 para o segundo turno, Alvaro Dias afirmou que o pa\u00eds deve entrar em uma nova etapa. \u201cIniciar um tempo que \u00e9 poss\u00edvel fazer muito mais e colocando na cadeia quem rouba.\u201d<\/p>\n<p>O v\u00eddeo do candidato concedendo entrevista coletiva foi divulgado no perfil pessoal dele no Facebook.<\/p>\n","protected":false},"excerpt":{"rendered":"<p>O candidato do Pode \u00e0 Presid\u00eancia da Rep\u00fablica, Alvaro Dias, votou na manh\u00e3 de hoje&#8230;<\/p>\n","protected":false},"author":1,"featured_media":0,"comment_status":"closed","ping_status":"closed","sticky":false,"template":"","format":"standard","meta":{"footnotes":""},"categories":[101,19],"tags":[],"class_list":["post-23386","post","type-post","status-publish","format-standard","hentry","category-eleicoes","category-politica"],"_links":{"self":[{"href":"https:\/\/www.corumbaonline.com.br\/news\/wp-json\/wp\/v2\/posts\/23386","targetHints":{"allow":["GET"]}}],"collection":[{"href":"https:\/\/www.corumbaonline.com.br\/news\/wp-json\/wp\/v2\/posts"}],"about":[{"href":"https:\/\/www.corumbaonline.com.br\/news\/wp-json\/wp\/v2\/types\/post"}],"author":[{"embeddable":true,"href":"https:\/\/www.corumbaonline.com.br\/news\/wp-json\/wp\/v2\/users\/1"}],"replies":[{"embeddable":true,"href":"https:\/\/www.corumbaonline.com.br\/news\/wp-json\/wp\/v2\/comments?post=23386"}],"version-history":[{"count":1,"href":"https:\/\/www.corumbaonline.com.br\/news\/wp-json\/wp\/v2\/posts\/23386\/revisions"}],"predecessor-version":[{"id":23387,"href":"https:\/\/www.corumbaonline.com.br\/news\/wp-json\/wp\/v2\/posts\/23386\/revisions\/23387"}],"wp:attachment":[{"href":"https:\/\/www.corumbaonline.com.br\/news\/wp-json\/wp\/v2\/media?parent=23386"}],"wp:term":[{"taxonomy":"category","embeddable":true,"href":"https:\/\/www.corumbaonline.com.br\/news\/wp-json\/wp\/v2\/categories?post=23386"},{"taxonomy":"post_tag","embeddable":true,"href":"https:\/\/www.corumbaonline.com.br\/news\/wp-json\/wp\/v2\/tags?post=23386"}],"curies":[{"name":"wp","href":"https:\/\/api.w.org\/{rel}","templated":true}]}}