{"id":23388,"date":"2018-10-07T10:25:38","date_gmt":"2018-10-07T14:25:38","guid":{"rendered":"http:\/\/www.corumbaonline.com.br\/news\/?p=23388"},"modified":"2018-10-07T14:01:55","modified_gmt":"2018-10-07T18:01:55","slug":"joao-goulart-filho-vota-e-diz-que-dia-9-dira-quem-apoiara-no-2o-turno","status":"publish","type":"post","link":"https:\/\/www.corumbaonline.com.br\/news\/joao-goulart-filho-vota-e-diz-que-dia-9-dira-quem-apoiara-no-2o-turno\/","title":{"rendered":"Jo\u00e3o Goulart Filho vota e diz que dia 9 dir\u00e1 quem apoiar\u00e1 no 2\u00ba turno"},"content":{"rendered":"<p>O candidato \u00e0 Presid\u00eancia da Rep\u00fablica pelo PPL,\u00a0<a href=\"http:\/\/agenciabrasil.ebc.com.br\/politica\/noticia\/2018-08\/ppl-lanca-joao-goulart-filho-presidente-da-republica\" target=\"_blank\" rel=\"noopener noreferrer\">Jo\u00e3o Goulart Filho<\/a>, votou hoje (7) pela manh\u00e3, em uma escola infantil em Bras\u00edlia. Segundo ele, caso n\u00e3o siga para o segundo turno, na pr\u00f3xima ter\u00e7a-feira (9) haver\u00e1 uma reuni\u00e3o partid\u00e1ria para definir quem a legenda apoiar\u00e1 na disputa do dia 28.<\/p>\n<p>Questionado quem ele apoiaria em um eventual segundo turno, Jo\u00e3o Goulart Filho afirmou que aguardar\u00e1 a decis\u00e3o da Executiva Nacional do PPL, em S\u00e3o Paulo, no dia 9.<\/p>\n<p>Nas redes sociais, o candidato apelou para a consci\u00eancia do eleitor. \u201cVote pelo aumento real do sal\u00e1rio m\u00ednimo, pela distribui\u00e7\u00e3o de renda e pela autonomia nacional. Apoie quem luta pela maior riqueza do Brasil: o povo trabalhador.\u201d<\/p>\n<p>Em entrevista ao jornal chileno\u00a0<em>La Terceira<\/em>, Jo\u00e3o Goulart Filho destacou a import\u00e2ncia de todos unirem for\u00e7a para \u201cimpedir o retrocesso\u201d.<\/p>\n","protected":false},"excerpt":{"rendered":"<p>O candidato \u00e0 Presid\u00eancia da Rep\u00fablica pelo PPL,\u00a0Jo\u00e3o Goulart Filho, votou hoje (7) pela manh\u00e3,&#8230;<\/p>\n","protected":false},"author":1,"featured_media":0,"comment_status":"closed","ping_status":"closed","sticky":false,"template":"","format":"standard","meta":{"footnotes":""},"categories":[101,19],"tags":[],"class_list":["post-23388","post","type-post","status-publish","format-standard","hentry","category-eleicoes","category-politica"],"_links":{"self":[{"href":"https:\/\/www.corumbaonline.com.br\/news\/wp-json\/wp\/v2\/posts\/23388","targetHints":{"allow":["GET"]}}],"collection":[{"href":"https:\/\/www.corumbaonline.com.br\/news\/wp-json\/wp\/v2\/posts"}],"about":[{"href":"https:\/\/www.corumbaonline.com.br\/news\/wp-json\/wp\/v2\/types\/post"}],"author":[{"embeddable":true,"href":"https:\/\/www.corumbaonline.com.br\/news\/wp-json\/wp\/v2\/users\/1"}],"replies":[{"embeddable":true,"href":"https:\/\/www.corumbaonline.com.br\/news\/wp-json\/wp\/v2\/comments?post=23388"}],"version-history":[{"count":1,"href":"https:\/\/www.corumbaonline.com.br\/news\/wp-json\/wp\/v2\/posts\/23388\/revisions"}],"predecessor-version":[{"id":23389,"href":"https:\/\/www.corumbaonline.com.br\/news\/wp-json\/wp\/v2\/posts\/23388\/revisions\/23389"}],"wp:attachment":[{"href":"https:\/\/www.corumbaonline.com.br\/news\/wp-json\/wp\/v2\/media?parent=23388"}],"wp:term":[{"taxonomy":"category","embeddable":true,"href":"https:\/\/www.corumbaonline.com.br\/news\/wp-json\/wp\/v2\/categories?post=23388"},{"taxonomy":"post_tag","embeddable":true,"href":"https:\/\/www.corumbaonline.com.br\/news\/wp-json\/wp\/v2\/tags?post=23388"}],"curies":[{"name":"wp","href":"https:\/\/api.w.org\/{rel}","templated":true}]}}