{"id":23392,"date":"2018-10-07T09:25:22","date_gmt":"2018-10-07T13:25:22","guid":{"rendered":"http:\/\/www.corumbaonline.com.br\/news\/?p=23392"},"modified":"2018-10-07T14:07:14","modified_gmt":"2018-10-07T18:07:14","slug":"primeiro-candidato-ao-governo-de-ms-a-votar-joao-alfredo-acredita-em-2o-turno","status":"publish","type":"post","link":"https:\/\/www.corumbaonline.com.br\/news\/primeiro-candidato-ao-governo-de-ms-a-votar-joao-alfredo-acredita-em-2o-turno\/","title":{"rendered":"Primeiro candidato ao governo de MS a votar, Jo\u00e3o Alfredo acredita em 2\u00ba turno"},"content":{"rendered":"<p>Foi registrado por volta das 8h15 em Ribas do Rio Pardo, a 97 quil\u00f4metros de Campo Grande, o primeiro voto de candidato ao governo de Mato Grosso do Sul, Jo\u00e3o Alfredo (Psol) compareceu cedo \u00e0 se\u00e7\u00e3o e se mostrou preocupado com o baixo comparecimento \u00e0s urnas na Escola Estadual Jo\u00e3o Ponce de Arruda.<\/p>\n<figure id=\"attachment_899642\" class=\"wp-caption alignleft\"><img loading=\"lazy\" decoding=\"async\" class=\"size-medium wp-image-899642\" src=\"https:\/\/cdn.midiamax.com.br\/elasticbeanstalk-us-west-2-809048387867\/uploads\/2018\/10\/alfredo-320x180.jpeg\" sizes=\"auto, (max-width: 320px) 100vw, 320px\" srcset=\"https:\/\/cdn.midiamax.com.br\/elasticbeanstalk-us-west-2-809048387867\/uploads\/2018\/10\/alfredo-320x180.jpeg 320w, https:\/\/cdn.midiamax.com.br\/elasticbeanstalk-us-west-2-809048387867\/uploads\/2018\/10\/alfredo-768x432.jpeg 768w, https:\/\/cdn.midiamax.com.br\/elasticbeanstalk-us-west-2-809048387867\/uploads\/2018\/10\/alfredo.jpeg 1040w\" alt=\"\" width=\"320\" height=\"180\" \/><figcaption class=\"wp-caption-text\">Jo\u00e3o Alfredo e esposa (Fotos: Assessoria)<\/figcaption><\/figure>\n<p>\u201cEspero que o eleitor fa\u00e7a o voto de reflex\u00e3o e renova\u00e7\u00e3o. A expectativa \u00e9 de possamos mostrar que as pesquisas est\u00e3o equivocadas. N\u00f3s temos a esperan\u00e7a de que haver\u00e1 segundo turno e que possamos chegar at\u00e9 ele\u201d, resumiu.<\/p>\n","protected":false},"excerpt":{"rendered":"<p>Foi registrado por volta das 8h15 em Ribas do Rio Pardo, a 97 quil\u00f4metros de&#8230;<\/p>\n","protected":false},"author":1,"featured_media":0,"comment_status":"closed","ping_status":"closed","sticky":false,"template":"","format":"standard","meta":{"footnotes":""},"categories":[101,19],"tags":[],"class_list":["post-23392","post","type-post","status-publish","format-standard","hentry","category-eleicoes","category-politica"],"_links":{"self":[{"href":"https:\/\/www.corumbaonline.com.br\/news\/wp-json\/wp\/v2\/posts\/23392","targetHints":{"allow":["GET"]}}],"collection":[{"href":"https:\/\/www.corumbaonline.com.br\/news\/wp-json\/wp\/v2\/posts"}],"about":[{"href":"https:\/\/www.corumbaonline.com.br\/news\/wp-json\/wp\/v2\/types\/post"}],"author":[{"embeddable":true,"href":"https:\/\/www.corumbaonline.com.br\/news\/wp-json\/wp\/v2\/users\/1"}],"replies":[{"embeddable":true,"href":"https:\/\/www.corumbaonline.com.br\/news\/wp-json\/wp\/v2\/comments?post=23392"}],"version-history":[{"count":1,"href":"https:\/\/www.corumbaonline.com.br\/news\/wp-json\/wp\/v2\/posts\/23392\/revisions"}],"predecessor-version":[{"id":23393,"href":"https:\/\/www.corumbaonline.com.br\/news\/wp-json\/wp\/v2\/posts\/23392\/revisions\/23393"}],"wp:attachment":[{"href":"https:\/\/www.corumbaonline.com.br\/news\/wp-json\/wp\/v2\/media?parent=23392"}],"wp:term":[{"taxonomy":"category","embeddable":true,"href":"https:\/\/www.corumbaonline.com.br\/news\/wp-json\/wp\/v2\/categories?post=23392"},{"taxonomy":"post_tag","embeddable":true,"href":"https:\/\/www.corumbaonline.com.br\/news\/wp-json\/wp\/v2\/tags?post=23392"}],"curies":[{"name":"wp","href":"https:\/\/api.w.org\/{rel}","templated":true}]}}