{"id":23399,"date":"2018-10-07T10:56:18","date_gmt":"2018-10-07T14:56:18","guid":{"rendered":"http:\/\/www.corumbaonline.com.br\/news\/?p=23399"},"modified":"2018-10-07T14:12:57","modified_gmt":"2018-10-07T18:12:57","slug":"candidato-ao-governo-bluma-vota-na-capital-e-lamenta-tempo-reduzido-de-campanha","status":"publish","type":"post","link":"https:\/\/www.corumbaonline.com.br\/news\/candidato-ao-governo-bluma-vota-na-capital-e-lamenta-tempo-reduzido-de-campanha\/","title":{"rendered":"Candidato ao governo, Bluma vota na Capital e lamenta tempo reduzido de campanha"},"content":{"rendered":"<p>Candidato pelo PV em coliga\u00e7\u00e3o com a Rede, Marcelo Bluma chegou \u00e0s 10h deste domingo (07) na Escola Paulo Freire, no Ch\u00e1cara Cachoeira, para votar e lamentou o tempo reduzido de campanha.<\/p>\n<figure id=\"attachment_899681\" class=\"wp-caption alignleft\"><img loading=\"lazy\" decoding=\"async\" class=\"size-medium wp-image-899681\" src=\"https:\/\/cdn.midiamax.com.br\/elasticbeanstalk-us-west-2-809048387867\/uploads\/2018\/10\/marcelo-320x215.jpeg\" sizes=\"auto, (max-width: 320px) 100vw, 320px\" srcset=\"https:\/\/cdn.midiamax.com.br\/elasticbeanstalk-us-west-2-809048387867\/uploads\/2018\/10\/marcelo-320x215.jpeg 320w, https:\/\/cdn.midiamax.com.br\/elasticbeanstalk-us-west-2-809048387867\/uploads\/2018\/10\/marcelo-768x516.jpeg 768w, https:\/\/cdn.midiamax.com.br\/elasticbeanstalk-us-west-2-809048387867\/uploads\/2018\/10\/marcelo.jpeg 1280w\" alt=\"\" width=\"320\" height=\"215\" \/><figcaption class=\"wp-caption-text\">Marcelo Bluma chegou com a fam\u00edlia (Foto: Marcos Erm\u00ednio)<\/figcaption><\/figure>\n<p>\u201cAcredito que prejudica a quem \u00e9 candidato a cargo majorit\u00e1rio. N\u00e3o d\u00e1 tempo de visitar todo o Estado em campanha. Por isso, acredito que a minha vota\u00e7\u00e3o mais expressiva vai ser em Campo Grande\u201d. O candidato aguardou a vota\u00e7\u00e3o na fila com o filho e a esposa e demorou cerca de 20 minutos entre a espera e a vota\u00e7\u00e3o.<\/p>\n<p>Aguardando um segundo turno para as elei\u00e7\u00f5es ao governo do Estado, Bluma disse que ainda vai discutir no partido se deve apoiar algum dos candidatos, caso n\u00e3o seja ele a ir para a disputa.<\/p>\n<p>\u201cNas elei\u00e7\u00f5es de 2016 ficamos neutros. Mas parece que agora a tend\u00eancia \u00e9 realmente apoiar algum dos candidatos\u201d.<\/p>\n<p>Para Bluma, a campanha ter migrado para as redes sociais enfraqueceu o debate. \u201cNa internet fica tudo muito no meme, no superficial. E na hora de ir para o confronto em um debate, por exemplo, os candidatos mostram quem s\u00e3o. Sem propostas, tudo muito superficial\u201d, criticou.<\/p>\n","protected":false},"excerpt":{"rendered":"<p>Candidato pelo PV em coliga\u00e7\u00e3o com a Rede, Marcelo Bluma chegou \u00e0s 10h deste domingo&#8230;<\/p>\n","protected":false},"author":1,"featured_media":0,"comment_status":"closed","ping_status":"closed","sticky":false,"template":"","format":"standard","meta":{"footnotes":""},"categories":[101,19],"tags":[],"class_list":["post-23399","post","type-post","status-publish","format-standard","hentry","category-eleicoes","category-politica"],"_links":{"self":[{"href":"https:\/\/www.corumbaonline.com.br\/news\/wp-json\/wp\/v2\/posts\/23399","targetHints":{"allow":["GET"]}}],"collection":[{"href":"https:\/\/www.corumbaonline.com.br\/news\/wp-json\/wp\/v2\/posts"}],"about":[{"href":"https:\/\/www.corumbaonline.com.br\/news\/wp-json\/wp\/v2\/types\/post"}],"author":[{"embeddable":true,"href":"https:\/\/www.corumbaonline.com.br\/news\/wp-json\/wp\/v2\/users\/1"}],"replies":[{"embeddable":true,"href":"https:\/\/www.corumbaonline.com.br\/news\/wp-json\/wp\/v2\/comments?post=23399"}],"version-history":[{"count":1,"href":"https:\/\/www.corumbaonline.com.br\/news\/wp-json\/wp\/v2\/posts\/23399\/revisions"}],"predecessor-version":[{"id":23400,"href":"https:\/\/www.corumbaonline.com.br\/news\/wp-json\/wp\/v2\/posts\/23399\/revisions\/23400"}],"wp:attachment":[{"href":"https:\/\/www.corumbaonline.com.br\/news\/wp-json\/wp\/v2\/media?parent=23399"}],"wp:term":[{"taxonomy":"category","embeddable":true,"href":"https:\/\/www.corumbaonline.com.br\/news\/wp-json\/wp\/v2\/categories?post=23399"},{"taxonomy":"post_tag","embeddable":true,"href":"https:\/\/www.corumbaonline.com.br\/news\/wp-json\/wp\/v2\/tags?post=23399"}],"curies":[{"name":"wp","href":"https:\/\/api.w.org\/{rel}","templated":true}]}}