{"id":23410,"date":"2018-10-07T12:00:56","date_gmt":"2018-10-07T16:00:56","guid":{"rendered":"http:\/\/www.corumbaonline.com.br\/news\/?p=23410"},"modified":"2018-10-07T14:24:28","modified_gmt":"2018-10-07T18:24:28","slug":"apos-votar-marina-diz-que-violencia-ameaca-eleicoes","status":"publish","type":"post","link":"https:\/\/www.corumbaonline.com.br\/news\/apos-votar-marina-diz-que-violencia-ameaca-eleicoes\/","title":{"rendered":"Ap\u00f3s votar, Marina diz que viol\u00eancia amea\u00e7a elei\u00e7\u00f5es"},"content":{"rendered":"<p>A candidata \u00e0 Presid\u00eancia da Rep\u00fablica da Rede, Marina Silva, votou hoje (7) \u00e0s 9h40, hor\u00e1rio do Acre (11h40, hor\u00e1rio de Bras\u00edlia), na sede do Incra, em Rio Branco. Acompanhada do marido F\u00e1bio e de uma das irm\u00e3s, ela reiterou que o \u201cBrasil n\u00e3o precisa ficar entre a cruz da corrup\u00e7\u00e3o e a espada da viol\u00eancia\u201d.<\/p>\n<p>Marina Silva afirmou que, em 2014, as elei\u00e7\u00f5es foram atingidas pelas den\u00fancias de corrup\u00e7\u00e3o e uso de caixa 2. Ao citar o\u00a0<a href=\"http:\/\/agenciabrasil.ebc.com.br\/geral\/noticia\/2018-09\/seis-meses-apos-assassinatos-caso-marielle-aguarda-solucao\" target=\"_blank\" rel=\"noopener noreferrer\">assassinato da vereadora Marielle Franco (PSOL-Rio)<\/a>\u00a0e o\u00a0<a href=\"http:\/\/agenciabrasil.ebc.com.br\/politica\/noticia\/2018-09\/bolsonaro-foi-atingido-no-figado-pulmao-e-intestino-relata-filho\" target=\"_blank\" rel=\"noopener noreferrer\">atentado contra o candidato do PSL \u00e0 Presid\u00eancia<\/a>, Jair Bolsonaro, ela, disse que a amea\u00e7a este ano est\u00e1 concentrada na viol\u00eancia.<\/p>\n<p>Confiante de que ir\u00e1 para o segundo turno das elei\u00e7\u00f5es, Marina Silva n\u00e3o disse quem pode vir a apoiar. De acordo com ela, esse tipo de decis\u00e3o s\u00f3 deve ser anunciada depois de proclamado o resultado das urnas pela Justi\u00e7a Eleitoral.<\/p>\n<p>De Rio Branco, Marina Silva segue para Bras\u00edlia, onde passar\u00e1 o resto do dia e a noite. A assessoria de imprensa da candidata informou que ela pretende conceder entrevista coletiva no comit\u00ea de campanha, na a\u00e9rea central de Bras\u00edlia, ap\u00f3s a divulga\u00e7\u00e3o do resultado eleitoral.<\/p>\n<h2>Polariza\u00e7\u00e3o<\/h2>\n<p>Marina Silva, nas redes sociais, pediu que os eleitores usem o cora\u00e7\u00e3o na hora de votar e deixem de lado qualquer sentimento que incentive a polariza\u00e7\u00e3o de for\u00e7as na pol\u00edtica. \u201cO Brasil clama para que a gente pare com essa polariza\u00e7\u00e3o que nos trouxe para o fundo do po\u00e7o. Neste domingo, eu pe\u00e7o o voto do seu cora\u00e7\u00e3o.\u201d<\/p>\n<p>A candidata encerrou ontema campanha em Rio Branco, capital do Acre. No final da tarde, ela postou fotos ao lado das irm\u00e3s Maria Jesus, Zeti e Lucia. Marina Silva lamentou a aus\u00eancia do pai Pedro Augusto Silva, que morreu em janeiro.<\/p>\n","protected":false},"excerpt":{"rendered":"<p>A candidata \u00e0 Presid\u00eancia da Rep\u00fablica da Rede, Marina Silva, votou hoje (7) \u00e0s 9h40,&#8230;<\/p>\n","protected":false},"author":1,"featured_media":0,"comment_status":"closed","ping_status":"closed","sticky":false,"template":"","format":"standard","meta":{"footnotes":""},"categories":[101,19],"tags":[],"class_list":["post-23410","post","type-post","status-publish","format-standard","hentry","category-eleicoes","category-politica"],"_links":{"self":[{"href":"https:\/\/www.corumbaonline.com.br\/news\/wp-json\/wp\/v2\/posts\/23410","targetHints":{"allow":["GET"]}}],"collection":[{"href":"https:\/\/www.corumbaonline.com.br\/news\/wp-json\/wp\/v2\/posts"}],"about":[{"href":"https:\/\/www.corumbaonline.com.br\/news\/wp-json\/wp\/v2\/types\/post"}],"author":[{"embeddable":true,"href":"https:\/\/www.corumbaonline.com.br\/news\/wp-json\/wp\/v2\/users\/1"}],"replies":[{"embeddable":true,"href":"https:\/\/www.corumbaonline.com.br\/news\/wp-json\/wp\/v2\/comments?post=23410"}],"version-history":[{"count":1,"href":"https:\/\/www.corumbaonline.com.br\/news\/wp-json\/wp\/v2\/posts\/23410\/revisions"}],"predecessor-version":[{"id":23411,"href":"https:\/\/www.corumbaonline.com.br\/news\/wp-json\/wp\/v2\/posts\/23410\/revisions\/23411"}],"wp:attachment":[{"href":"https:\/\/www.corumbaonline.com.br\/news\/wp-json\/wp\/v2\/media?parent=23410"}],"wp:term":[{"taxonomy":"category","embeddable":true,"href":"https:\/\/www.corumbaonline.com.br\/news\/wp-json\/wp\/v2\/categories?post=23410"},{"taxonomy":"post_tag","embeddable":true,"href":"https:\/\/www.corumbaonline.com.br\/news\/wp-json\/wp\/v2\/tags?post=23410"}],"curies":[{"name":"wp","href":"https:\/\/api.w.org\/{rel}","templated":true}]}}