{"id":23412,"date":"2018-10-07T13:10:43","date_gmt":"2018-10-07T17:10:43","guid":{"rendered":"http:\/\/www.corumbaonline.com.br\/news\/?p=23412"},"modified":"2018-10-07T14:34:07","modified_gmt":"2018-10-07T18:34:07","slug":"vera-lucia-vota-e-diz-que-pstu-decide-dia-10-quem-apoiara-no-2o-turno","status":"publish","type":"post","link":"https:\/\/www.corumbaonline.com.br\/news\/vera-lucia-vota-e-diz-que-pstu-decide-dia-10-quem-apoiara-no-2o-turno\/","title":{"rendered":"Vera L\u00facia vota e diz que PSTU decide dia 10 quem apoiar\u00e1 no 2\u00ba turno"},"content":{"rendered":"<p>A candidata \u00e0 Presid\u00eancia da Rep\u00fablica pelo PSTU, Vera L\u00facia (PSTU), votou hoje (7) na Escola Juscelino Kubitschek, em Aracaju, em Sergipe. Acompanhada de correligion\u00e1rios e apoiadores, a candidata afirmou que o partido se reunir\u00e1 amanh\u00e3 e at\u00e9 quarta-feira (10) anunciar\u00e1 quem vai apoiar em um eventual segundo turno.<\/p>\n<p>Vera L\u00facia apelou para que os trabalhadores se organizem independentemente do vitorioso nas elei\u00e7\u00f5es. \u201cQualquer que seja aquele que seja eleito, os trabalhadores, sobretudo, os mais pobres precisam se organizar\u201d, disse. \u201c[Da\u00ed o] chamado \u00e0 rebeli\u00e3o e \u00e0 organiza\u00e7\u00e3o.\u201d<\/p>\n<p>Para a candidata, sua campanha foi \u201cvitoriosa\u201d, pois apresentou \u00e0 sociedade alternativas \u00e0 crise pol\u00edtica, econ\u00f4mica e social porque passa o pa\u00eds.<\/p>\n","protected":false},"excerpt":{"rendered":"<p>A candidata \u00e0 Presid\u00eancia da Rep\u00fablica pelo PSTU, Vera L\u00facia (PSTU), votou hoje (7) na&#8230;<\/p>\n","protected":false},"author":1,"featured_media":0,"comment_status":"closed","ping_status":"closed","sticky":false,"template":"","format":"standard","meta":{"footnotes":""},"categories":[101,19],"tags":[],"class_list":["post-23412","post","type-post","status-publish","format-standard","hentry","category-eleicoes","category-politica"],"_links":{"self":[{"href":"https:\/\/www.corumbaonline.com.br\/news\/wp-json\/wp\/v2\/posts\/23412","targetHints":{"allow":["GET"]}}],"collection":[{"href":"https:\/\/www.corumbaonline.com.br\/news\/wp-json\/wp\/v2\/posts"}],"about":[{"href":"https:\/\/www.corumbaonline.com.br\/news\/wp-json\/wp\/v2\/types\/post"}],"author":[{"embeddable":true,"href":"https:\/\/www.corumbaonline.com.br\/news\/wp-json\/wp\/v2\/users\/1"}],"replies":[{"embeddable":true,"href":"https:\/\/www.corumbaonline.com.br\/news\/wp-json\/wp\/v2\/comments?post=23412"}],"version-history":[{"count":1,"href":"https:\/\/www.corumbaonline.com.br\/news\/wp-json\/wp\/v2\/posts\/23412\/revisions"}],"predecessor-version":[{"id":23413,"href":"https:\/\/www.corumbaonline.com.br\/news\/wp-json\/wp\/v2\/posts\/23412\/revisions\/23413"}],"wp:attachment":[{"href":"https:\/\/www.corumbaonline.com.br\/news\/wp-json\/wp\/v2\/media?parent=23412"}],"wp:term":[{"taxonomy":"category","embeddable":true,"href":"https:\/\/www.corumbaonline.com.br\/news\/wp-json\/wp\/v2\/categories?post=23412"},{"taxonomy":"post_tag","embeddable":true,"href":"https:\/\/www.corumbaonline.com.br\/news\/wp-json\/wp\/v2\/tags?post=23412"}],"curies":[{"name":"wp","href":"https:\/\/api.w.org\/{rel}","templated":true}]}}