{"id":23427,"date":"2018-10-07T19:56:31","date_gmt":"2018-10-07T23:56:31","guid":{"rendered":"http:\/\/www.corumbaonline.com.br\/news\/?p=23427"},"modified":"2018-10-07T20:00:33","modified_gmt":"2018-10-08T00:00:33","slug":"novato-na-politica-capitao-contar-e-eleito-o-deputado-estadual-com-maior-numero-de-votos","status":"publish","type":"post","link":"https:\/\/www.corumbaonline.com.br\/news\/novato-na-politica-capitao-contar-e-eleito-o-deputado-estadual-com-maior-numero-de-votos\/","title":{"rendered":"Novato na pol\u00edtica, Capit\u00e3o Contar \u00e9 eleito o deputado estadual com maior n\u00famero de votos"},"content":{"rendered":"<p>Com 99% das urnas em Mato Grosso do Sul j\u00e1 apuradas, o candidato do PSL a deputado estadual, Renan Barbosa Contar, o Capit\u00e3o Contar, foi eleito com pouco mais de 77 mil votos, 6,12% dos votos.<\/p>\n<p>\u201c\u00c9 a vontade popular se fazendo presente nas urnas. A popula\u00e7\u00e3o, maioria, quer renova\u00e7\u00e3o, gente nova, quer fazer diferente, sem velhas pr\u00e1ticas. As pessoas acreditaram num trabalho, norteado com a figura do Jair Bolsonaro\u201d, afirmou Contar no TRE-MS (Tribunal Regional Eleitoral).<\/p>\n<p>\u00c0 exemplo do candidato do PSL \u00e0 presid\u00eancia da Rep\u00fablica, Jair Bolsonaro, Contar tamb\u00e9m \u00e9 capit\u00e3o do Ex\u00e9rcito, formado na Academia Militar das Agulhas Negras \u2013 AMAN em 2006.<\/p>\n<p>\u201cPrecisamos de moralidade na pol\u00edtica, representantes com \u00e9tica que valorizem a popula\u00e7\u00e3o\u201d, disse logo ap\u00f3s divulga\u00e7\u00e3o do resultado, nas depend\u00eancias do TRE.<\/p>\n<p>Contar afirmou anunciou como pretende agir assim que ocupar uma das 24 cadeiras na Assembleia Legislativa de Mato Grosso do Sul.<\/p>\n<p>\u201cEstou chegando com isen\u00e7\u00e3o, com independ\u00eancia, sem d\u00edvidas financeiras e pol\u00edticas. Quero ser pessoa ativa contra corrup\u00e7\u00e3o, trazer propostas para educa\u00e7\u00e3o\u201d, finalizou.<\/p>\n","protected":false},"excerpt":{"rendered":"<p>Com 99% das urnas em Mato Grosso do Sul j\u00e1 apuradas, o candidato do PSL&#8230;<\/p>\n","protected":false},"author":1,"featured_media":0,"comment_status":"closed","ping_status":"closed","sticky":false,"template":"","format":"standard","meta":{"footnotes":""},"categories":[101,19],"tags":[],"class_list":["post-23427","post","type-post","status-publish","format-standard","hentry","category-eleicoes","category-politica"],"_links":{"self":[{"href":"https:\/\/www.corumbaonline.com.br\/news\/wp-json\/wp\/v2\/posts\/23427","targetHints":{"allow":["GET"]}}],"collection":[{"href":"https:\/\/www.corumbaonline.com.br\/news\/wp-json\/wp\/v2\/posts"}],"about":[{"href":"https:\/\/www.corumbaonline.com.br\/news\/wp-json\/wp\/v2\/types\/post"}],"author":[{"embeddable":true,"href":"https:\/\/www.corumbaonline.com.br\/news\/wp-json\/wp\/v2\/users\/1"}],"replies":[{"embeddable":true,"href":"https:\/\/www.corumbaonline.com.br\/news\/wp-json\/wp\/v2\/comments?post=23427"}],"version-history":[{"count":1,"href":"https:\/\/www.corumbaonline.com.br\/news\/wp-json\/wp\/v2\/posts\/23427\/revisions"}],"predecessor-version":[{"id":23428,"href":"https:\/\/www.corumbaonline.com.br\/news\/wp-json\/wp\/v2\/posts\/23427\/revisions\/23428"}],"wp:attachment":[{"href":"https:\/\/www.corumbaonline.com.br\/news\/wp-json\/wp\/v2\/media?parent=23427"}],"wp:term":[{"taxonomy":"category","embeddable":true,"href":"https:\/\/www.corumbaonline.com.br\/news\/wp-json\/wp\/v2\/categories?post=23427"},{"taxonomy":"post_tag","embeddable":true,"href":"https:\/\/www.corumbaonline.com.br\/news\/wp-json\/wp\/v2\/tags?post=23427"}],"curies":[{"name":"wp","href":"https:\/\/api.w.org\/{rel}","templated":true}]}}