{"id":23509,"date":"2018-10-11T10:06:49","date_gmt":"2018-10-11T14:06:49","guid":{"rendered":"http:\/\/www.corumbaonline.com.br\/news\/?p=23509"},"modified":"2018-10-11T09:38:33","modified_gmt":"2018-10-11T13:38:33","slug":"para-policia-jovem-marcada-com-suastica-foi-vitima-de-homofobia","status":"publish","type":"post","link":"https:\/\/www.corumbaonline.com.br\/news\/para-policia-jovem-marcada-com-suastica-foi-vitima-de-homofobia\/","title":{"rendered":"Para pol\u00edcia, jovem marcada com su\u00e1stica foi v\u00edtima de homofobia"},"content":{"rendered":"<p>A pol\u00edcia que investiga o caso da jovem de 19 anos que foi agredida por tr\u00eas homens, e teve a barriga marcada com uma su\u00e1stica por usar uma camiseta com a frase #Elen\u00e3o, na \u00faltima segunda-feira (8), em Porto Alegre, afirmou ter tido motivo homof\u00f3bico por tr\u00e1s do crime.<\/p>\n<p>Tanto o delegado respons\u00e1vel pela investiga\u00e7\u00e3o Paulo C\u00e9sar Jardim, quanto a advogada da mo\u00e7a, Gabriela Souza, consideram o fato da v\u00edtima ter\u00a0um adesivo com a bandeira do arco-\u00edris, s\u00edmbolo que representa a bandeira gay, na mochila, como raz\u00e3o para o ataque.<\/p>\n<p>Paulo C\u00e9sar \u00e9 especializado em investiga\u00e7\u00f5es de c\u00e9lulas neonazistas no estado do RS (Rio Grande do Sul). Para ele, o ferimento feito na barriga da jovem n\u00e3o representa a su\u00e1stica, mas sim \u201cum s\u00edmbolo antigo, milenar, budista, que foi historicamente corrompido\u201d.<\/p>\n<p>Apesar do delegado confirmar que ele e a advogada n\u00e3o terem \u201cd\u00favida de que foi crime de homofobia\u201d, as investiga\u00e7\u00f5es, at\u00e9 o momento, est\u00e3o suspensas. A v\u00edtima n\u00e3o quis formalizar representa\u00e7\u00e3o contra os autores das agress\u00f5es.<\/p>\n<p><strong>O caso<\/strong><\/p>\n<p>Uma jovem de 19 anos, que n\u00e3o teve a identidade revelada, voltava do curso pr\u00e9-vestibular na \u00faltima segunda-feira (8) quando foi abordada poe tr\u00eas homens que a questionaram sobre o adesivo de #Elen\u00e3o com a bandeira de arco-\u00edris preso em sua mochila.<\/p>\n<p>Durante a abordagem, os homens passaram a agredi-la com xingamentos homof\u00f3bicos e, ao reagir \u00e0s agress\u00f5es, os suspeitos, ent\u00e3o, deram in\u00edcio \u00e0s agress\u00f5es f\u00edsicas.<\/p>\n<p>Al\u00e9m de receber v\u00e1rios socos, a jovem foi marcada com um canivete com um desenho que, para ela, representa a su\u00e1stica.<\/p>\n","protected":false},"excerpt":{"rendered":"<p>A pol\u00edcia que investiga o caso da jovem de 19 anos que foi agredida por&#8230;<\/p>\n","protected":false},"author":1,"featured_media":23510,"comment_status":"closed","ping_status":"closed","sticky":false,"template":"","format":"standard","meta":{"footnotes":""},"categories":[19],"tags":[],"class_list":["post-23509","post","type-post","status-publish","format-standard","has-post-thumbnail","hentry","category-politica"],"_links":{"self":[{"href":"https:\/\/www.corumbaonline.com.br\/news\/wp-json\/wp\/v2\/posts\/23509","targetHints":{"allow":["GET"]}}],"collection":[{"href":"https:\/\/www.corumbaonline.com.br\/news\/wp-json\/wp\/v2\/posts"}],"about":[{"href":"https:\/\/www.corumbaonline.com.br\/news\/wp-json\/wp\/v2\/types\/post"}],"author":[{"embeddable":true,"href":"https:\/\/www.corumbaonline.com.br\/news\/wp-json\/wp\/v2\/users\/1"}],"replies":[{"embeddable":true,"href":"https:\/\/www.corumbaonline.com.br\/news\/wp-json\/wp\/v2\/comments?post=23509"}],"version-history":[{"count":1,"href":"https:\/\/www.corumbaonline.com.br\/news\/wp-json\/wp\/v2\/posts\/23509\/revisions"}],"predecessor-version":[{"id":23511,"href":"https:\/\/www.corumbaonline.com.br\/news\/wp-json\/wp\/v2\/posts\/23509\/revisions\/23511"}],"wp:featuredmedia":[{"embeddable":true,"href":"https:\/\/www.corumbaonline.com.br\/news\/wp-json\/wp\/v2\/media\/23510"}],"wp:attachment":[{"href":"https:\/\/www.corumbaonline.com.br\/news\/wp-json\/wp\/v2\/media?parent=23509"}],"wp:term":[{"taxonomy":"category","embeddable":true,"href":"https:\/\/www.corumbaonline.com.br\/news\/wp-json\/wp\/v2\/categories?post=23509"},{"taxonomy":"post_tag","embeddable":true,"href":"https:\/\/www.corumbaonline.com.br\/news\/wp-json\/wp\/v2\/tags?post=23509"}],"curies":[{"name":"wp","href":"https:\/\/api.w.org\/{rel}","templated":true}]}}