{"id":23514,"date":"2018-10-11T09:55:12","date_gmt":"2018-10-11T13:55:12","guid":{"rendered":"http:\/\/www.corumbaonline.com.br\/news\/?p=23514"},"modified":"2018-10-11T09:23:50","modified_gmt":"2018-10-11T13:23:50","slug":"semana-da-ciencia-e-tecnologia-acontece-de-15-a-19-de-outubro-em-ms","status":"publish","type":"post","link":"https:\/\/www.corumbaonline.com.br\/news\/semana-da-ciencia-e-tecnologia-acontece-de-15-a-19-de-outubro-em-ms\/","title":{"rendered":"Semana da Ci\u00eancia e Tecnologia acontece de 15 a 19 de outubro em MS"},"content":{"rendered":"<p>A pr\u00f3xima semana ser\u00e1 dedicada \u00e0 Ci\u00eancia e Tecnologia e em Mato Grosso do Sul ser\u00e3o realizadas atividades em todos os munic\u00edpios, com um encontro central nos dias 17 e 18 de outubro, em Campo Grande. A Secretaria de Estado de Meio Ambiente, Desenvolvimento Econ\u00f4mico, Produ\u00e7\u00e3o e Agricultura Familiar (Semagro) \u00e9 a respons\u00e1vel pela organiza\u00e7\u00e3o do evento.<\/p>\n<p>Neste ano, as atividades se concentram no tema \u201cCi\u00eancia para a Redu\u00e7\u00e3o das Desigualdades\u201d, com o prop\u00f3sito de criar uma linguagem acess\u00edvel \u00e0 popula\u00e7\u00e3o, por meios inovadores que estimulem a curiosidade e motivem a popula\u00e7\u00e3o a discutir as implica\u00e7\u00f5es das Ci\u00eancias Sociais e Humanas para a redu\u00e7\u00e3o das desigualdades no Brasil.<\/p>\n<p>Al\u00e9m da Semagro, no Estado 12 entidades (Universidade Federal de Mato Grosso do Sul \u2013 UFMS; Universidade Estadual de Mato Grosso do Sul \u2013 Uems; Universidade Cat\u00f3lica Dom Bosco \u2013 UCDB; Instituto Federal de Mato Grosso do Sul \u2013 IFMS; Empresa Brasileira de Pesquisa Agropecu\u00e1ria \u2013 Embrapa;\u00a0Secretaria Municipal de Desenvolvimento Social em Campo Grande \u2013 Sedesc; \u00a0Funda\u00e7\u00e3o Oswaldo Cruz \u2013 Fiocruz; Federa\u00e7\u00e3o das Ind\u00fastrias do Estado de Mato Grosso do Sul \u2013 Fiems;\u00a0Servi\u00e7o Nacional de Aprendizagem Rural \u2013 Senar; e Sebrae) integram a Comiss\u00e3o Organizadora, que se reuniu nesta semana para o \u00faltimo encontro antes do evento.<\/p>\n<p>Nos dias 17 e 18, no Centro de Conven\u00e7\u00f5es Rubens Gil de Camillo, estudantes e interessados poder\u00e3o conferir os estandes de 25 escolas p\u00fablicas e entidades de pesquisa, al\u00e9m de palestras, filmes e apresenta\u00e7\u00f5es.<\/p>\n<p>O encontro \u00e9 voltado para pesquisadores, estudantes e interessados e para divulg\u00e1-lo entre os jovens, dois mil alunos de escolas p\u00fablicas e particulares devem participar. A abertura oficial da Semana Nacional da Ci\u00eancia e Tecnologia acontece no dia 17, a partir das 8h, no Centro de Conven\u00e7\u00f5es.<\/p>\n<p>Em 2017, o Estado terminou a Semana Nacional de Ci\u00eancia e Tecnologia no topo do ranking dos estados em n\u00famero de atividades cadastradas. Foram 1.930 a\u00e7\u00f5es realizadas em 59 cidades e 304 entidades parcerias, conforme os n\u00fameros oficiais do Minist\u00e9rio da Ci\u00eancia e Tecnologia, Inova\u00e7\u00f5es e Comunica\u00e7\u00f5es.<\/p>\n","protected":false},"excerpt":{"rendered":"<p>A pr\u00f3xima semana ser\u00e1 dedicada \u00e0 Ci\u00eancia e Tecnologia e em Mato Grosso do Sul&#8230;<\/p>\n","protected":false},"author":1,"featured_media":0,"comment_status":"closed","ping_status":"closed","sticky":false,"template":"","format":"standard","meta":{"footnotes":""},"categories":[10,22],"tags":[],"class_list":["post-23514","post","type-post","status-publish","format-standard","hentry","category-educacao","category-tecnologia"],"_links":{"self":[{"href":"https:\/\/www.corumbaonline.com.br\/news\/wp-json\/wp\/v2\/posts\/23514","targetHints":{"allow":["GET"]}}],"collection":[{"href":"https:\/\/www.corumbaonline.com.br\/news\/wp-json\/wp\/v2\/posts"}],"about":[{"href":"https:\/\/www.corumbaonline.com.br\/news\/wp-json\/wp\/v2\/types\/post"}],"author":[{"embeddable":true,"href":"https:\/\/www.corumbaonline.com.br\/news\/wp-json\/wp\/v2\/users\/1"}],"replies":[{"embeddable":true,"href":"https:\/\/www.corumbaonline.com.br\/news\/wp-json\/wp\/v2\/comments?post=23514"}],"version-history":[{"count":1,"href":"https:\/\/www.corumbaonline.com.br\/news\/wp-json\/wp\/v2\/posts\/23514\/revisions"}],"predecessor-version":[{"id":23515,"href":"https:\/\/www.corumbaonline.com.br\/news\/wp-json\/wp\/v2\/posts\/23514\/revisions\/23515"}],"wp:attachment":[{"href":"https:\/\/www.corumbaonline.com.br\/news\/wp-json\/wp\/v2\/media?parent=23514"}],"wp:term":[{"taxonomy":"category","embeddable":true,"href":"https:\/\/www.corumbaonline.com.br\/news\/wp-json\/wp\/v2\/categories?post=23514"},{"taxonomy":"post_tag","embeddable":true,"href":"https:\/\/www.corumbaonline.com.br\/news\/wp-json\/wp\/v2\/tags?post=23514"}],"curies":[{"name":"wp","href":"https:\/\/api.w.org\/{rel}","templated":true}]}}