{"id":23540,"date":"2018-10-11T15:30:59","date_gmt":"2018-10-11T19:30:59","guid":{"rendered":"http:\/\/www.corumbaonline.com.br\/news\/?p=23540"},"modified":"2018-10-11T17:56:37","modified_gmt":"2018-10-11T21:56:37","slug":"cia-de-danca-do-pantanal-participa-da-campanha-abrace-o-brasil","status":"publish","type":"post","link":"https:\/\/www.corumbaonline.com.br\/news\/cia-de-danca-do-pantanal-participa-da-campanha-abrace-o-brasil\/","title":{"rendered":"Cia de Dan\u00e7a do Pantanal participa da Campanha Abrace o Brasil"},"content":{"rendered":"<p class=\"x_MsoNormal\">A\u00a0Cia de Dan\u00e7a do Pantanal\u00a0est\u00e1 participando da segunda edi\u00e7\u00e3o da campanha &#8220;Abrace o Brasil&#8221; em parceria com a\u00a0<b>Brazil<\/b>Foundation. A campanha, lan\u00e7ada dia 27 de setembro, convida pessoas do mundo todo para ajudar a construir um Brasil melhor. O objetivo \u00e9 conectar quem quer ajudar a transformar o pa\u00eds com quem precisa de recursos para promover a\u00e7\u00f5es fundamentais para o desenvolvimento de comunidades e do pa\u00eds. Em 2017 a campanha mobilizou 4.000 doadores de 13 pa\u00edses e arrecadou R$ 1,2 milh\u00e3o.<\/p>\n<p class=\"x_MsoNormal\">No site da campanha\u00a0<a href=\"http:\/\/www.abraceobrasil.org\/\" target=\"_blank\" rel=\"noopener noreferrer\">abraceobrasil.org<\/a>, a\u00a0<b>Brazil<\/b>Foundation apresenta o trabalho de organiza\u00e7\u00f5es sociais de todos os cantos do pa\u00eds. A funda\u00e7\u00e3o vai mobilizar sua rede internacional de apoiadores, buscando promover a filantropia e incentivar a cultura da doa\u00e7\u00e3o em prol das 70 organiza\u00e7\u00f5es selecionadas, as quais est\u00e3o se destacando pelo trabalho que realizam em suas comunidades em diversas regi\u00f5es do pa\u00eds.<\/p>\n<p class=\"x_MsoNormal\">Em 2017 foi criada e consolidada a Cia de Dan\u00e7a do Pantanal em Corumb\u00e1, MS, a partir da Cia Juvenil de Dan\u00e7a do Instituto Moinho Cultural Sul-Americano, bailarinos convidados de outros projetos da regi\u00e3o pantaneira, das cidades bolivianas de Puerto Su\u00e1rez e Puerto Quijarro e de outros estados brasileiros, pretendendo no futuro acolher bailarinos oriundos dos demais pa\u00edses da Am\u00e9rica do Sul.<\/p>\n<p class=\"x_MsoNormal\">Apenas com um ano de cria\u00e7\u00e3o, a Cia de Dan\u00e7a do Pantanal j\u00e1 ganhou pr\u00eamios importantes representando nos palcos o nosso Pantanal, e ir\u00e1 participar de mais uma competi\u00e7\u00e3o na Europa em Portugal no m\u00eas de Abril e por esse motivo precisam os do seu apoio.<\/p>\n<p class=\"x_MsoNormal\">Para participar, fa\u00e7a uma doa\u00e7\u00e3o no site<b>\u00a0<a href=\"https:\/\/abraceobrasil.org\/pt-br\/projetos\/moinhocultural\/\" target=\"_blank\" rel=\"noopener noreferrer\">https:\/\/abraceobrasil.org\/pt-br\/projetos\/moinhocultural\/<\/a>. Qualquer informa\u00e7\u00e3o pode ser adquirida pelo telefone 67 3231-8436 ou atrav\u00e9s do email <a href=\"mailto:imc@moinhocultural.org.br\">imc@moinhocultural.org.br<\/a> .<br \/>\n<\/b><\/p>\n","protected":false},"excerpt":{"rendered":"<p>A\u00a0Cia de Dan\u00e7a do Pantanal\u00a0est\u00e1 participando da segunda edi\u00e7\u00e3o da campanha &#8220;Abrace o Brasil&#8221; em&#8230;<\/p>\n","protected":false},"author":1,"featured_media":23541,"comment_status":"closed","ping_status":"closed","sticky":false,"template":"","format":"standard","meta":{"footnotes":""},"categories":[7,8],"tags":[],"class_list":["post-23540","post","type-post","status-publish","format-standard","has-post-thumbnail","hentry","category-cultura","category-destaque"],"_links":{"self":[{"href":"https:\/\/www.corumbaonline.com.br\/news\/wp-json\/wp\/v2\/posts\/23540","targetHints":{"allow":["GET"]}}],"collection":[{"href":"https:\/\/www.corumbaonline.com.br\/news\/wp-json\/wp\/v2\/posts"}],"about":[{"href":"https:\/\/www.corumbaonline.com.br\/news\/wp-json\/wp\/v2\/types\/post"}],"author":[{"embeddable":true,"href":"https:\/\/www.corumbaonline.com.br\/news\/wp-json\/wp\/v2\/users\/1"}],"replies":[{"embeddable":true,"href":"https:\/\/www.corumbaonline.com.br\/news\/wp-json\/wp\/v2\/comments?post=23540"}],"version-history":[{"count":3,"href":"https:\/\/www.corumbaonline.com.br\/news\/wp-json\/wp\/v2\/posts\/23540\/revisions"}],"predecessor-version":[{"id":23545,"href":"https:\/\/www.corumbaonline.com.br\/news\/wp-json\/wp\/v2\/posts\/23540\/revisions\/23545"}],"wp:featuredmedia":[{"embeddable":true,"href":"https:\/\/www.corumbaonline.com.br\/news\/wp-json\/wp\/v2\/media\/23541"}],"wp:attachment":[{"href":"https:\/\/www.corumbaonline.com.br\/news\/wp-json\/wp\/v2\/media?parent=23540"}],"wp:term":[{"taxonomy":"category","embeddable":true,"href":"https:\/\/www.corumbaonline.com.br\/news\/wp-json\/wp\/v2\/categories?post=23540"},{"taxonomy":"post_tag","embeddable":true,"href":"https:\/\/www.corumbaonline.com.br\/news\/wp-json\/wp\/v2\/tags?post=23540"}],"curies":[{"name":"wp","href":"https:\/\/api.w.org\/{rel}","templated":true}]}}