{"id":23546,"date":"2018-10-11T17:23:13","date_gmt":"2018-10-11T21:23:13","guid":{"rendered":"http:\/\/www.corumbaonline.com.br\/news\/?p=23546"},"modified":"2018-10-11T17:59:48","modified_gmt":"2018-10-11T21:59:48","slug":"opas-quer-fortalecimento-do-sus-para-atingir-metas-de-desenvolvimento","status":"publish","type":"post","link":"https:\/\/www.corumbaonline.com.br\/news\/opas-quer-fortalecimento-do-sus-para-atingir-metas-de-desenvolvimento\/","title":{"rendered":"Opas quer fortalecimento do SUS para atingir metas de desenvolvimento"},"content":{"rendered":"<p>A Organiza\u00e7\u00e3o Pan-Americana da Sa\u00fade (Opas) defende o fortalecimento do Sistema \u00danico de Sa\u00fade (SUS) para que o Brasil atinja os Objetivos do Desenvolvimento Sustent\u00e1vel (ODS), relacionados ao tema. O pa\u00eds \u00e9 um dos 194 signat\u00e1rios das metas de promo\u00e7\u00e3o da sa\u00fade e bem-estar estabelecidas pelas Na\u00e7\u00f5es Unidas para o ano de 2030.<\/p>\n<p>Para analisar os avan\u00e7os e os desafios do SUS, a Opas lan\u00e7ou o documento\u00a0<a href=\"https:\/\/apsredes.org\/wp-content\/uploads\/2018\/10\/Serie-30-anos-001-SINTESE.pdf\" target=\"_blank\" rel=\"noopener noreferrer\">30 anos de SUS \u2013 Que SUS para 2030?<\/a>, nesta quinta-feira (11).\u00a0Em parceria com especialistas e profissionais que atuam na \u00e1rea, o organismo traz v\u00e1rias recomenda\u00e7\u00f5es estrat\u00e9gicas para gestores com o objetivo de fortalecer o SUS.<\/p>\n<p>Entre as principais conquistas do sistema nas \u00faltimas d\u00e9cadas, a entidade lista o fortalecimento do programa nacional de imuniza\u00e7\u00e3o, reconhecido internacionalmente, e a amplia\u00e7\u00e3o da oferta de m\u00e9dicos em regi\u00f5es vulner\u00e1veis. O estudo aponta ainda os principais desafios e poss\u00edveis obst\u00e1culos para que o Brasil alcance as metas da Agenda 2030, entre eles, o \u201csubfinanciamento cr\u00f4nico\u201d do SUS, agravado pela crise econ\u00f4mica e pelo controle rigoroso dos gastos p\u00fablicos, al\u00e9m da fragmenta\u00e7\u00e3o do sistema entre os estados e munic\u00edpios.<\/p>\n<p>Para consolidar os avan\u00e7os e suprir os gargalos, o estudo sugere a expans\u00e3o e consolida\u00e7\u00e3o da aten\u00e7\u00e3o prim\u00e1ria de sa\u00fade, que re\u00fane unidades de sa\u00fade acess\u00edveis aos pacientes e oferece v\u00e1rios procedimentos de diagn\u00f3sticos e terap\u00eauticos. Nesta etapa, o cidad\u00e3o pode ter acesso a servi\u00e7os de promo\u00e7\u00e3o \u00e0 sa\u00fade, de preven\u00e7\u00e3o, como vacina\u00e7\u00e3o e planejamento familiar, al\u00e9m de a\u00e7\u00f5es de controle de doen\u00e7as cr\u00f4nicas e cuidados paliativos.<\/p>\n<p>Segundo a OMS, uma aten\u00e7\u00e3o prim\u00e1ria de sa\u00fade forte apresenta melhores resultados e maior qualidade de atendimento no primeiro contato com o paciente em compara\u00e7\u00e3o a outros modelos e tamb\u00e9m est\u00e1 apta para encaminhar os casos de maior gravidade para outros n\u00edveis de aten\u00e7\u00e3o do sistema de sa\u00fade.<\/p>\n<p>A Opas destaca no relat\u00f3rio que a Estrat\u00e9gia de Sa\u00fade da Fam\u00edlia contribui para a expans\u00e3o da cobertura de aten\u00e7\u00e3o prim\u00e1ria e \u00e9 eficaz na amplia\u00e7\u00e3o do acesso \u00e0 sa\u00fade e na diminui\u00e7\u00e3o de interna\u00e7\u00f5es evit\u00e1veis, al\u00e9m da redu\u00e7\u00e3o da mortalidade infantil e materna por causas preven\u00edveis.<\/p>\n<p>O balan\u00e7o mostra que \u00e9 necess\u00e1rio aprimoramento na legisla\u00e7\u00e3o a fim de evitar o uso excessivo do Poder Judici\u00e1rio para resolver problemas de aten\u00e7\u00e3o \u00e0 sa\u00fade no SUS. Al\u00e9m disso, a Opas avalia que as institui\u00e7\u00f5es de sa\u00fade devem fortalecer suas fun\u00e7\u00f5es de regula\u00e7\u00e3o para garantir o acesso igualit\u00e1rio \u00e0 Justi\u00e7a e aos tratamentos n\u00e3o previstos no SUS.<\/p>\n<h2>Inf\u00e2ncia<\/h2>\n<p>O relat\u00f3rio tamb\u00e9m alerta que o pa\u00eds ainda tem taxas muito altas de mortalidade infantil e que as pol\u00edticas de prote\u00e7\u00e3o da inf\u00e2ncia devem ser priorizadas pelos gestores federais, estaduais e municipais para que o pa\u00eds retome o ritmo de queda nas mortes de crian\u00e7as registrado antes de 2016.<\/p>\n<p>O documento avalia que o SUS chega aos 30 anos em um momento de incertezas em rela\u00e7\u00e3o \u00e0s emerg\u00eancias decorrentes de epidemias como a do zika, que atingiu o pa\u00eds em 2015. A Opas reitera que \u00e9 preciso identificar as li\u00e7\u00f5es aprendidas com o zika e declara que \u201co fortalecimento do SUS \u00e9 a melhor solu\u00e7\u00e3o poss\u00edvel para proteger a popula\u00e7\u00e3o brasileira de situa\u00e7\u00f5es catastr\u00f3ficas determinadas por amea\u00e7as epid\u00eamicas\u201d.<\/p>\n<p>O trabalho da Opas ainda traz recomenda\u00e7\u00f5es relacionadas ao controle do tabagismo, \u00e0 pol\u00edtica de acesso universal a medicamentos, amplia\u00e7\u00e3o do cuidado e das a\u00e7\u00f5es comunit\u00e1rias em sa\u00fade mental; ao desenvolvimento de produtos e inova\u00e7\u00e3o tecnol\u00f3gica em sa\u00fade e trajet\u00f3rias, al\u00e9m do desafio de garantir a preven\u00e7\u00e3o, assist\u00eancia e tratamento do HIV\/Aids e suas comorbidades mais comuns, como hepatites virais e tuberculose.<\/p>\n","protected":false},"excerpt":{"rendered":"<p>A Organiza\u00e7\u00e3o Pan-Americana da Sa\u00fade (Opas) defende o fortalecimento do Sistema \u00danico de Sa\u00fade (SUS)&#8230;<\/p>\n","protected":false},"author":1,"featured_media":23547,"comment_status":"closed","ping_status":"closed","sticky":false,"template":"","format":"standard","meta":{"footnotes":""},"categories":[21],"tags":[],"class_list":["post-23546","post","type-post","status-publish","format-standard","has-post-thumbnail","hentry","category-saude"],"_links":{"self":[{"href":"https:\/\/www.corumbaonline.com.br\/news\/wp-json\/wp\/v2\/posts\/23546","targetHints":{"allow":["GET"]}}],"collection":[{"href":"https:\/\/www.corumbaonline.com.br\/news\/wp-json\/wp\/v2\/posts"}],"about":[{"href":"https:\/\/www.corumbaonline.com.br\/news\/wp-json\/wp\/v2\/types\/post"}],"author":[{"embeddable":true,"href":"https:\/\/www.corumbaonline.com.br\/news\/wp-json\/wp\/v2\/users\/1"}],"replies":[{"embeddable":true,"href":"https:\/\/www.corumbaonline.com.br\/news\/wp-json\/wp\/v2\/comments?post=23546"}],"version-history":[{"count":1,"href":"https:\/\/www.corumbaonline.com.br\/news\/wp-json\/wp\/v2\/posts\/23546\/revisions"}],"predecessor-version":[{"id":23548,"href":"https:\/\/www.corumbaonline.com.br\/news\/wp-json\/wp\/v2\/posts\/23546\/revisions\/23548"}],"wp:featuredmedia":[{"embeddable":true,"href":"https:\/\/www.corumbaonline.com.br\/news\/wp-json\/wp\/v2\/media\/23547"}],"wp:attachment":[{"href":"https:\/\/www.corumbaonline.com.br\/news\/wp-json\/wp\/v2\/media?parent=23546"}],"wp:term":[{"taxonomy":"category","embeddable":true,"href":"https:\/\/www.corumbaonline.com.br\/news\/wp-json\/wp\/v2\/categories?post=23546"},{"taxonomy":"post_tag","embeddable":true,"href":"https:\/\/www.corumbaonline.com.br\/news\/wp-json\/wp\/v2\/tags?post=23546"}],"curies":[{"name":"wp","href":"https:\/\/api.w.org\/{rel}","templated":true}]}}