{"id":23549,"date":"2018-10-12T10:00:37","date_gmt":"2018-10-12T14:00:37","guid":{"rendered":"http:\/\/www.corumbaonline.com.br\/news\/?p=23549"},"modified":"2018-10-12T10:30:21","modified_gmt":"2018-10-12T14:30:21","slug":"segundo-turno-comeca-hoje-horario-eleitoral-gratuito-no-radio-e-na-tv","status":"publish","type":"post","link":"https:\/\/www.corumbaonline.com.br\/news\/segundo-turno-comeca-hoje-horario-eleitoral-gratuito-no-radio-e-na-tv\/","title":{"rendered":"Segundo turno: come\u00e7a hoje hor\u00e1rio eleitoral gratuito no r\u00e1dio e na tv"},"content":{"rendered":"<p>O hor\u00e1rio eleitoral gratuito para o segundo turno das elei\u00e7\u00f5es 2018 come\u00e7a\u00a0<span id=\"OBJ_PREFIX_DWT367_com_zimbra_date\">hoje<\/span>\u00a0(12) no r\u00e1dio e na televis\u00e3o. A propaganda eleitoral ser\u00e1 exibida de\u00a0<span id=\"OBJ_PREFIX_DWT368_com_zimbra_date\">segunda<\/span>\u00a0a\u00a0<span id=\"OBJ_PREFIX_DWT369_com_zimbra_date\">s\u00e1bado,<\/span>\u00a0em dois blocos di\u00e1rios. Cada candidato a presidente\u00a0<span id=\"OBJ_PREFIX_DWT370_com_zimbra_date\">ter<\/span>\u00e1 um tempo de cinco minutos, assim como os candidatos a governador, nos estados onde haver\u00e1 segundo turno para esse cargo.<\/p>\n<p>No r\u00e1dio, o hor\u00e1rio de propaganda\u00a0<span id=\"OBJ_PREFIX_DWT371_com_zimbra_date\">ter<\/span>\u00e1 in\u00edcio \u00e0s 7h e \u00e0s 12h; na televis\u00e3o, o primeiro bloco do hor\u00e1rio eleitoral come\u00e7a \u00e0s 13h e o segundo bloco \u00e0s 20h30. As emissoras e canais tamb\u00e9m devem reservar 25 minutos di\u00e1rios, de\u00a0<span id=\"OBJ_PREFIX_DWT372_com_zimbra_date\">segunda<\/span>-feira a\u00a0<span id=\"OBJ_PREFIX_DWT373_com_zimbra_date\">domingo<\/span>, para inser\u00e7\u00f5es dos candidatos \u00e0 Presid\u00eancia.<\/p>\n<div class=\"dnd-widget-wrapper context-cheio_8colunas type-image\">\n<div class=\"dnd-atom-rendered\">\n<figure class=\"mejs-fotoh-wrapper\">\n<p><figure style=\"width: 754px\" class=\"wp-caption alignnone\"><img loading=\"lazy\" decoding=\"async\" class=\"img-responsive full full\" title=\"Reprodu\u00e7\u00e3o\/Ag\u00eancia Brasil\" src=\"http:\/\/imagens.ebc.com.br\/umKlyQkkxxGZRZDOWmLI2ukiHF4=\/754x0\/smart\/http:\/\/agenciabrasil.ebc.com.br\/sites\/default\/files\/atoms\/image\/horario_eleitoral.jpg?itok=8MTo_Ao0\" alt=\"hor\u00e1rio eleitoral\" width=\"754\" height=\"497\" \/><figcaption class=\"wp-caption-text\">Hor\u00e1rio eleitoral &#8211; Reprodu\u00e7\u00e3o<\/figcaption><\/figure><\/figure>\n<\/div>\n<\/div>\n<p>Todas as emissoras de r\u00e1dio, incluindo as comunit\u00e1rias, devem reservar o espa\u00e7o ao hor\u00e1rio eleitoral, assim como as emissoras de televis\u00e3o que operam VHF e UHF e em canais por assinatura operados pelo Senado, a C\u00e2mara dos Deputados, as assembleias legislativas, a C\u00e2mara Legislativa do Distrito Federal e as c\u00e2maras municipais.<\/p>\n<p>Em minuta aprovada\u00a0<span id=\"OBJ_PREFIX_DWT374_com_zimbra_date\">ontem<\/span>\u00a0(11) pelo Tribunal Superior Eleitoral (TSE), ficou decidido que a veicula\u00e7\u00e3o da propaganda ser\u00e1 iniciada pela candidatura que obteve maior vota\u00e7\u00e3o no primeiro turno. A ordem da apresenta\u00e7\u00e3o dos candidatos ser\u00e1 alternada diariamente.<\/p>\n<p>Nos locais onde h\u00e1 segundo turno para governador, a propaganda para o candidato local come\u00e7ar\u00e1 depois do hor\u00e1rio reservado \u00e0 propaganda dos candidatos \u00e0 Presid\u00eancia. A ordem de apresenta\u00e7\u00e3o foi definida por sorteio em alguns estados.<\/p>\n<p>De acordo com a legisla\u00e7\u00e3o, as emissoras devem reservar o hor\u00e1rio destinado \u00e0 divulga\u00e7\u00e3o eleitoral da primeira sexta-feira depois do primeiro turno at\u00e9 o dia\u00a0<span id=\"OBJ_PREFIX_DWT375_com_zimbra_date\">26 de outubro<\/span>, antev\u00e9spera do segundo turno, que ser\u00e1 realizado no dia 28.<\/p>\n<p>O dia\u00a0<span id=\"OBJ_PREFIX_DWT376_com_zimbra_date\">26 de outubro<\/span>\u00a0tamb\u00e9m \u00e9 o prazo final para a realiza\u00e7\u00e3o de debate e divulga\u00e7\u00e3o de propaganda eleitoral paga na imprensa escrita.<\/p>\n","protected":false},"excerpt":{"rendered":"<p>O hor\u00e1rio eleitoral gratuito para o segundo turno das elei\u00e7\u00f5es 2018 come\u00e7a\u00a0hoje\u00a0(12) no r\u00e1dio e&#8230;<\/p>\n","protected":false},"author":1,"featured_media":0,"comment_status":"closed","ping_status":"closed","sticky":false,"template":"","format":"standard","meta":{"footnotes":""},"categories":[101,19],"tags":[],"class_list":["post-23549","post","type-post","status-publish","format-standard","hentry","category-eleicoes","category-politica"],"_links":{"self":[{"href":"https:\/\/www.corumbaonline.com.br\/news\/wp-json\/wp\/v2\/posts\/23549","targetHints":{"allow":["GET"]}}],"collection":[{"href":"https:\/\/www.corumbaonline.com.br\/news\/wp-json\/wp\/v2\/posts"}],"about":[{"href":"https:\/\/www.corumbaonline.com.br\/news\/wp-json\/wp\/v2\/types\/post"}],"author":[{"embeddable":true,"href":"https:\/\/www.corumbaonline.com.br\/news\/wp-json\/wp\/v2\/users\/1"}],"replies":[{"embeddable":true,"href":"https:\/\/www.corumbaonline.com.br\/news\/wp-json\/wp\/v2\/comments?post=23549"}],"version-history":[{"count":1,"href":"https:\/\/www.corumbaonline.com.br\/news\/wp-json\/wp\/v2\/posts\/23549\/revisions"}],"predecessor-version":[{"id":23550,"href":"https:\/\/www.corumbaonline.com.br\/news\/wp-json\/wp\/v2\/posts\/23549\/revisions\/23550"}],"wp:attachment":[{"href":"https:\/\/www.corumbaonline.com.br\/news\/wp-json\/wp\/v2\/media?parent=23549"}],"wp:term":[{"taxonomy":"category","embeddable":true,"href":"https:\/\/www.corumbaonline.com.br\/news\/wp-json\/wp\/v2\/categories?post=23549"},{"taxonomy":"post_tag","embeddable":true,"href":"https:\/\/www.corumbaonline.com.br\/news\/wp-json\/wp\/v2\/tags?post=23549"}],"curies":[{"name":"wp","href":"https:\/\/api.w.org\/{rel}","templated":true}]}}