{"id":23648,"date":"2018-10-15T09:54:42","date_gmt":"2018-10-15T13:54:42","guid":{"rendered":"http:\/\/www.corumbaonline.com.br\/news\/?p=23648"},"modified":"2018-10-15T11:06:22","modified_gmt":"2018-10-15T15:06:22","slug":"carreta-pega-fogo-na-br-262-e-bombeiros-sao-acionados","status":"publish","type":"post","link":"https:\/\/www.corumbaonline.com.br\/news\/carreta-pega-fogo-na-br-262-e-bombeiros-sao-acionados\/","title":{"rendered":"Carreta pega fogo na BR-262 e bombeiros s\u00e3o acionados"},"content":{"rendered":"<p>A equipe do 3\u00ba Grupamento de Bombeiros Militar de Corumb\u00e1 se deslocou por volta das 12h40 deste domingo (14) at\u00e9 a BR-262, cerca de 25 km da \u00e1rea urbana, para combater inc\u00eandio em uma carreta. No local foi feito o confinamento, combate e extin\u00e7\u00e3o das chamas que atingiram todo o cavalo mec\u00e2nico, a preocupa\u00e7\u00e3o da guarni\u00e7\u00e3o era que as chamas atingissem a carga, toda de madeira e o tanque de combust\u00edvel. Foram gastos 1600 litros de \u00e1gua durante a opera\u00e7\u00e3o. O motorista de 55 anos informou que vinha de Campo Grande para Corumb\u00e1 e que parou a carreta ao sentir um forte calor no banco, quando o cavalo mec\u00e2nico come\u00e7ou a pegar fogo. N\u00e3o houve ferido apenas danos materiais.<\/p>\n<figure id=\"attachment_23649\" aria-describedby=\"caption-attachment-23649\" style=\"width: 410px\" class=\"wp-caption alignright\"><a href=\"https:\/\/www.corumbaonline.com.br\/news\/wp-content\/uploads\/2018\/10\/foto112223.jpg\"><img loading=\"lazy\" decoding=\"async\" class=\"size-full wp-image-23649\" src=\"https:\/\/www.corumbaonline.com.br\/news\/wp-content\/uploads\/2018\/10\/foto112223.jpg\" alt=\"\" width=\"410\" height=\"308\" srcset=\"https:\/\/www.corumbaonline.com.br\/news\/wp-content\/uploads\/2018\/10\/foto112223.jpg 410w, https:\/\/www.corumbaonline.com.br\/news\/wp-content\/uploads\/2018\/10\/foto112223-300x225.jpg 300w\" sizes=\"auto, (max-width: 410px) 100vw, 410px\" \/><\/a><figcaption id=\"caption-attachment-23649\" class=\"wp-caption-text\">Cavalo mec\u00e2nico foi consumido pelo inc\u00eandio (Foto: Divulga\u00e7\u00e3o)<\/figcaption><\/figure>\n","protected":false},"excerpt":{"rendered":"<p>A equipe do 3\u00ba Grupamento de Bombeiros Militar de Corumb\u00e1 se deslocou por volta das&#8230;<\/p>\n","protected":false},"author":1,"featured_media":23650,"comment_status":"closed","ping_status":"closed","sticky":false,"template":"","format":"standard","meta":{"footnotes":""},"categories":[8,18],"tags":[],"class_list":["post-23648","post","type-post","status-publish","format-standard","has-post-thumbnail","hentry","category-destaque","category-seguranca"],"_links":{"self":[{"href":"https:\/\/www.corumbaonline.com.br\/news\/wp-json\/wp\/v2\/posts\/23648","targetHints":{"allow":["GET"]}}],"collection":[{"href":"https:\/\/www.corumbaonline.com.br\/news\/wp-json\/wp\/v2\/posts"}],"about":[{"href":"https:\/\/www.corumbaonline.com.br\/news\/wp-json\/wp\/v2\/types\/post"}],"author":[{"embeddable":true,"href":"https:\/\/www.corumbaonline.com.br\/news\/wp-json\/wp\/v2\/users\/1"}],"replies":[{"embeddable":true,"href":"https:\/\/www.corumbaonline.com.br\/news\/wp-json\/wp\/v2\/comments?post=23648"}],"version-history":[{"count":1,"href":"https:\/\/www.corumbaonline.com.br\/news\/wp-json\/wp\/v2\/posts\/23648\/revisions"}],"predecessor-version":[{"id":23651,"href":"https:\/\/www.corumbaonline.com.br\/news\/wp-json\/wp\/v2\/posts\/23648\/revisions\/23651"}],"wp:featuredmedia":[{"embeddable":true,"href":"https:\/\/www.corumbaonline.com.br\/news\/wp-json\/wp\/v2\/media\/23650"}],"wp:attachment":[{"href":"https:\/\/www.corumbaonline.com.br\/news\/wp-json\/wp\/v2\/media?parent=23648"}],"wp:term":[{"taxonomy":"category","embeddable":true,"href":"https:\/\/www.corumbaonline.com.br\/news\/wp-json\/wp\/v2\/categories?post=23648"},{"taxonomy":"post_tag","embeddable":true,"href":"https:\/\/www.corumbaonline.com.br\/news\/wp-json\/wp\/v2\/tags?post=23648"}],"curies":[{"name":"wp","href":"https:\/\/api.w.org\/{rel}","templated":true}]}}