{"id":23654,"date":"2018-10-15T10:26:46","date_gmt":"2018-10-15T14:26:46","guid":{"rendered":"http:\/\/www.corumbaonline.com.br\/news\/?p=23654"},"modified":"2018-10-15T11:32:05","modified_gmt":"2018-10-15T15:32:05","slug":"vereador-sugere-programa-de-recuperacao-fiscal-para-quitacao-de-debitos-junto-ao-detran","status":"publish","type":"post","link":"https:\/\/www.corumbaonline.com.br\/news\/vereador-sugere-programa-de-recuperacao-fiscal-para-quitacao-de-debitos-junto-ao-detran\/","title":{"rendered":"Vereador sugere programa de recupera\u00e7\u00e3o fiscal para quita\u00e7\u00e3o de d\u00e9bitos junto ao Detran"},"content":{"rendered":"<p><span style=\"color: #000000;\">A cria\u00e7\u00e3o de um programa de recupera\u00e7\u00e3o fiscal para quita\u00e7\u00e3o de d\u00e9bitos junto ao Departamento Estadual de Tr\u00e2nsito de Mato Grosso do Sul est\u00e1 sendo sugerida pelo vereador corumbaense Crist\u00f3v\u00e3o Contador, para atender aquelas pessoas que est\u00e3o em situa\u00e7\u00e3o irregular junto ao \u00f3rg\u00e3o.<\/span><\/p>\n<p><span style=\"color: #000000;\">A sugest\u00e3o foi dirigida ao governador Reinaldo Azambuja e Crist\u00f3v\u00e3o pediu tamb\u00e9m a interven\u00e7\u00e3o do prefeito Marcelo Iunes, para fortalecer o pedido. \u201cMuitas pessoas querem regularizar seus d\u00e9bitos, mas n\u00e3o re\u00fanem condi\u00e7\u00f5es financeiras para isso. Um programa como este, vai facilitar a quita\u00e7\u00e3o\u201d, explicou.<\/span><\/p>\n<p><span style=\"color: #000000;\">Ao mesmo tempo, Crist\u00f3v\u00e3o est\u00e1 solicitando ao diretor-presidente do Detran, Roberto Hashioka Soler, a possibilidade de a popula\u00e7\u00e3o pagar seus d\u00e9bitos junto ao \u00f3rg\u00e3o, utilizando o cart\u00e3o de cr\u00e9dito tanto na ag\u00eancia do Banco do Brasil como em outras existentes no Estado. Ele explica que o servi\u00e7o j\u00e1 acontece na Capital e precisa ser interiorizado.<\/span><\/p>\n<p><span style=\"color: #000000;\">Tr\u00e2nsito<\/span><\/p>\n<p><span style=\"color: #000000;\">Em outro requerimento, Crist\u00f3v\u00e3o reivindicou ao prefeito Marcelo Iunes e \u00e0 dire\u00e7\u00e3o da Agetrat, a instala\u00e7\u00e3o de redutor de velocidade na Rua Sete de Setembro, pr\u00f3ximo \u00e0 Rua Jo\u00e3o B. O. Mota, que d\u00e1 acesso ao residencial Flamboyant I, II e III. Ele explica que, no trecho, existe um templo religioso e o fluxo de ve\u00edculos \u00e9 intenso e que \u00e9 preciso conter a alta velocidade.<\/span><\/p>\n","protected":false},"excerpt":{"rendered":"<p>A cria\u00e7\u00e3o de um programa de recupera\u00e7\u00e3o fiscal para quita\u00e7\u00e3o de d\u00e9bitos junto ao Departamento&#8230;<\/p>\n","protected":false},"author":1,"featured_media":0,"comment_status":"closed","ping_status":"closed","sticky":false,"template":"","format":"standard","meta":{"footnotes":""},"categories":[19],"tags":[],"class_list":["post-23654","post","type-post","status-publish","format-standard","hentry","category-politica"],"_links":{"self":[{"href":"https:\/\/www.corumbaonline.com.br\/news\/wp-json\/wp\/v2\/posts\/23654","targetHints":{"allow":["GET"]}}],"collection":[{"href":"https:\/\/www.corumbaonline.com.br\/news\/wp-json\/wp\/v2\/posts"}],"about":[{"href":"https:\/\/www.corumbaonline.com.br\/news\/wp-json\/wp\/v2\/types\/post"}],"author":[{"embeddable":true,"href":"https:\/\/www.corumbaonline.com.br\/news\/wp-json\/wp\/v2\/users\/1"}],"replies":[{"embeddable":true,"href":"https:\/\/www.corumbaonline.com.br\/news\/wp-json\/wp\/v2\/comments?post=23654"}],"version-history":[{"count":1,"href":"https:\/\/www.corumbaonline.com.br\/news\/wp-json\/wp\/v2\/posts\/23654\/revisions"}],"predecessor-version":[{"id":23655,"href":"https:\/\/www.corumbaonline.com.br\/news\/wp-json\/wp\/v2\/posts\/23654\/revisions\/23655"}],"wp:attachment":[{"href":"https:\/\/www.corumbaonline.com.br\/news\/wp-json\/wp\/v2\/media?parent=23654"}],"wp:term":[{"taxonomy":"category","embeddable":true,"href":"https:\/\/www.corumbaonline.com.br\/news\/wp-json\/wp\/v2\/categories?post=23654"},{"taxonomy":"post_tag","embeddable":true,"href":"https:\/\/www.corumbaonline.com.br\/news\/wp-json\/wp\/v2\/tags?post=23654"}],"curies":[{"name":"wp","href":"https:\/\/api.w.org\/{rel}","templated":true}]}}