{"id":23667,"date":"2018-10-15T11:54:45","date_gmt":"2018-10-15T15:54:45","guid":{"rendered":"http:\/\/www.corumbaonline.com.br\/news\/?p=23667"},"modified":"2018-10-15T12:25:10","modified_gmt":"2018-10-15T16:25:10","slug":"atualizacao-automatica-antecipa-horario-de-verao-de-celulares-da-tim","status":"publish","type":"post","link":"https:\/\/www.corumbaonline.com.br\/news\/atualizacao-automatica-antecipa-horario-de-verao-de-celulares-da-tim\/","title":{"rendered":"Atualiza\u00e7\u00e3o autom\u00e1tica antecipa hor\u00e1rio de ver\u00e3o de celulares da TIM"},"content":{"rendered":"<p>Clientes da operadora TIM em v\u00e1rias cidades do pa\u00eds acordaram uma hora mais cedo\u00a0<span id=\"OBJ_PREFIX_DWT143_com_zimbra_date\">hoje<\/span>\u00a0(15) em fun\u00e7\u00e3o de um problema do sistema da operadora que adiantou o rel\u00f3gio dos telefones celulares para o hor\u00e1rio de ver\u00e3o automaticamente. No ano passado, o hor\u00e1rio de ver\u00e3o teve in\u00edcio no dia 15 de outubro.<\/p>\n<p>Este ano, o hor\u00e1rio de ver\u00e3o estava previsto para come\u00e7ar no dia 4 de novembro &#8211;\u00a0primeiro dia de provas do Exame Nacional do Ensino M\u00e9dio (Enem). Para n\u00e3o prejudicar os candidatos que v\u00e3o participar da prova, o\u00a0<a href=\"http:\/\/agenciabrasil.ebc.com.br\/educacao\/noticia\/2018-10\/com-enem-horario-de-verao-comeca-apenas-em-novembro\" target=\"_blank\" rel=\"noopener noreferrer\">governo decidiu adiar o in\u00edcio do hor\u00e1rio de ver\u00e3o para\u00a018 de novembro<\/a>.<\/p>\n<p>Mesmo diante da manifesta\u00e7\u00e3o de diversos usu\u00e1rios nas redes sociais, atendentes do servi\u00e7o de atendimento ao consumidor ainda n\u00e3o tinham sido orientados at\u00e9 as primeiras horas da manh\u00e3. A reportagem contatou a empresa por telefone, e, por mais de uma vez, os atendentes descartaram que tenha ocorrido qualquer falha do sistema nos \u00faltimos tr\u00eas dias. A orienta\u00e7\u00e3o foi tirar a atualiza\u00e7\u00e3o de hor\u00e1rio do modo autom\u00e1tico.<\/p>\n<p>Em resposta \u00e0\u00a0<strong>Ag\u00eancia Brasil<\/strong>, a assessoria de imprensa da TIM informou que o problema atingiu alguns modelos de smartphones. \u201cAs a\u00e7\u00f5es corretivas j\u00e1 foram tomadas para a normaliza\u00e7\u00e3o do rel\u00f3gio. A TIM lamenta o ocorrido e pede desculpas aos seus clientes pelo inconveniente.\u201d<\/p>\n<p>A Ag\u00eancia Nacional de Telecomunica\u00e7\u00f5es (Anatel) informou que n\u00e3o h\u00e1 regulamenta\u00e7\u00e3o sobre esse assunto e orientou os consumidores a entrarem em contato com a prestadora para saber como proceder para resolver o problema.<\/p>\n","protected":false},"excerpt":{"rendered":"<p>Clientes da operadora TIM em v\u00e1rias cidades do pa\u00eds acordaram uma hora mais cedo\u00a0hoje\u00a0(15) em&#8230;<\/p>\n","protected":false},"author":1,"featured_media":0,"comment_status":"closed","ping_status":"closed","sticky":false,"template":"","format":"standard","meta":{"footnotes":""},"categories":[14],"tags":[],"class_list":["post-23667","post","type-post","status-publish","format-standard","hentry","category-geral"],"_links":{"self":[{"href":"https:\/\/www.corumbaonline.com.br\/news\/wp-json\/wp\/v2\/posts\/23667","targetHints":{"allow":["GET"]}}],"collection":[{"href":"https:\/\/www.corumbaonline.com.br\/news\/wp-json\/wp\/v2\/posts"}],"about":[{"href":"https:\/\/www.corumbaonline.com.br\/news\/wp-json\/wp\/v2\/types\/post"}],"author":[{"embeddable":true,"href":"https:\/\/www.corumbaonline.com.br\/news\/wp-json\/wp\/v2\/users\/1"}],"replies":[{"embeddable":true,"href":"https:\/\/www.corumbaonline.com.br\/news\/wp-json\/wp\/v2\/comments?post=23667"}],"version-history":[{"count":1,"href":"https:\/\/www.corumbaonline.com.br\/news\/wp-json\/wp\/v2\/posts\/23667\/revisions"}],"predecessor-version":[{"id":23668,"href":"https:\/\/www.corumbaonline.com.br\/news\/wp-json\/wp\/v2\/posts\/23667\/revisions\/23668"}],"wp:attachment":[{"href":"https:\/\/www.corumbaonline.com.br\/news\/wp-json\/wp\/v2\/media?parent=23667"}],"wp:term":[{"taxonomy":"category","embeddable":true,"href":"https:\/\/www.corumbaonline.com.br\/news\/wp-json\/wp\/v2\/categories?post=23667"},{"taxonomy":"post_tag","embeddable":true,"href":"https:\/\/www.corumbaonline.com.br\/news\/wp-json\/wp\/v2\/tags?post=23667"}],"curies":[{"name":"wp","href":"https:\/\/api.w.org\/{rel}","templated":true}]}}