{"id":23690,"date":"2018-10-16T08:58:12","date_gmt":"2018-10-16T12:58:12","guid":{"rendered":"http:\/\/www.corumbaonline.com.br\/news\/?p=23690"},"modified":"2018-10-16T08:29:45","modified_gmt":"2018-10-16T12:29:45","slug":"fachin-arquiva-inquerito-sobre-zeca-do-pt-e-blairo-maggi","status":"publish","type":"post","link":"https:\/\/www.corumbaonline.com.br\/news\/fachin-arquiva-inquerito-sobre-zeca-do-pt-e-blairo-maggi\/","title":{"rendered":"Fachin arquiva inqu\u00e9rito sobre Zeca do PT e Blairo Maggi"},"content":{"rendered":"<p>O ministro do Supremo Tribunal Federal (STF) Edson Fachin determinou o arquivamento do inqu\u00e9rito aberto na Corte para investigar o deputado Federal Zeca do PT (MS) e o ministro da Agricultura e ex-governador de Mato Grosso, Blairo Maggi. O arquivamento atende a pedido feito pela procuradora-geral da Rep\u00fablica, Raquel Dodge. A decis\u00e3o foi assinada na\u00a0<span id=\"OBJ_PREFIX_DWT464_com_zimbra_date\">quinta<\/span>-feira (11).<\/p>\n<p>O inqu\u00e9rito foi aberto no ano passado com base em depoimentos de dela\u00e7\u00e3o premiada dados por ex-diretores da empreiteira Odebrecht, que relataram supostas &#8220;vantagens n\u00e3o contabilizadas a pretexto da campanha eleitoral&#8221; em 2006, quando os acusados eram governadores em seus estados.<\/p>\n<p>Ao analisar o caso, Raquel Dodge afirmou que, ap\u00f3s 12 anos dos supostos fatos, n\u00e3o se vislumbram novas dilig\u00eancias para basear uma eventual a\u00e7\u00e3o penal e n\u00e3o h\u00e1 ind\u00edcios das supostas condutas.<\/p>\n<p>\u201cComo se observa, ap\u00f3s a realiza\u00e7\u00e3o de diversas dilig\u00eancias investigativas, n\u00e3o se obteve \u00eaxito na produ\u00e7\u00e3o de lastro probat\u00f3rio apto \u00e0 deflagra\u00e7\u00e3o de a\u00e7\u00e3o penal efetiva e com perspectiva de responsabiliza\u00e7\u00e3o criminal dos investigados\u201d, disse a procuradora-geral.<\/p>\n","protected":false},"excerpt":{"rendered":"<p>O ministro do Supremo Tribunal Federal (STF) Edson Fachin determinou o arquivamento do inqu\u00e9rito aberto&#8230;<\/p>\n","protected":false},"author":1,"featured_media":0,"comment_status":"closed","ping_status":"closed","sticky":false,"template":"","format":"standard","meta":{"footnotes":""},"categories":[19],"tags":[],"class_list":["post-23690","post","type-post","status-publish","format-standard","hentry","category-politica"],"_links":{"self":[{"href":"https:\/\/www.corumbaonline.com.br\/news\/wp-json\/wp\/v2\/posts\/23690","targetHints":{"allow":["GET"]}}],"collection":[{"href":"https:\/\/www.corumbaonline.com.br\/news\/wp-json\/wp\/v2\/posts"}],"about":[{"href":"https:\/\/www.corumbaonline.com.br\/news\/wp-json\/wp\/v2\/types\/post"}],"author":[{"embeddable":true,"href":"https:\/\/www.corumbaonline.com.br\/news\/wp-json\/wp\/v2\/users\/1"}],"replies":[{"embeddable":true,"href":"https:\/\/www.corumbaonline.com.br\/news\/wp-json\/wp\/v2\/comments?post=23690"}],"version-history":[{"count":1,"href":"https:\/\/www.corumbaonline.com.br\/news\/wp-json\/wp\/v2\/posts\/23690\/revisions"}],"predecessor-version":[{"id":23691,"href":"https:\/\/www.corumbaonline.com.br\/news\/wp-json\/wp\/v2\/posts\/23690\/revisions\/23691"}],"wp:attachment":[{"href":"https:\/\/www.corumbaonline.com.br\/news\/wp-json\/wp\/v2\/media?parent=23690"}],"wp:term":[{"taxonomy":"category","embeddable":true,"href":"https:\/\/www.corumbaonline.com.br\/news\/wp-json\/wp\/v2\/categories?post=23690"},{"taxonomy":"post_tag","embeddable":true,"href":"https:\/\/www.corumbaonline.com.br\/news\/wp-json\/wp\/v2\/tags?post=23690"}],"curies":[{"name":"wp","href":"https:\/\/api.w.org\/{rel}","templated":true}]}}