{"id":23710,"date":"2018-10-16T09:35:48","date_gmt":"2018-10-16T13:35:48","guid":{"rendered":"http:\/\/www.corumbaonline.com.br\/news\/?p=23710"},"modified":"2018-10-16T09:27:49","modified_gmt":"2018-10-16T13:27:49","slug":"governo-decide-manter-comeco-do-horario-de-verao-em-4-de-novembro","status":"publish","type":"post","link":"https:\/\/www.corumbaonline.com.br\/news\/governo-decide-manter-comeco-do-horario-de-verao-em-4-de-novembro\/","title":{"rendered":"Governo decide manter come\u00e7o do hor\u00e1rio de ver\u00e3o em 4 de novembro"},"content":{"rendered":"<p>O Pal\u00e1cio do Planalto informou nesta ter\u00e7a-feira (15)\u00a0que o in\u00edcio do hor\u00e1rio de ver\u00e3o ser\u00e1 mantido\u00a0no dia\u00a04 de novembro, cancelando um novo adiamento.<\/p>\n<p>Geralmente, o hor\u00e1rio come\u00e7a em outubro, mas foi adiado para novembro em virtude do segundo turno das elei\u00e7\u00f5es. No come\u00e7o\u00a0do m\u00eas, o governo federal chegou a anunciar que adiou o in\u00edcio do hor\u00e1rio de ver\u00e3o para o dia 18 de novembro\u00a0por causa de um pedido feito pelo\u00a0Minist\u00e9rio da Educa\u00e7\u00e3o para n\u00e3o prejudicar os candidatos do\u00a0Enem.\u00a0O exame\u00a0ser\u00e1 aplicado\u00a0em dois domingos. O primeiro deles ser\u00e1 o dia\u00a04 de novembro.<\/p>\n<p>O ministro da Educa\u00e7\u00e3o, Rossieli Soares, j\u00e1\u00a0<a href=\"http:\/\/agenciabrasil.ebc.com.br\/educacao\/noticia\/2018-10\/com-enem-horario-de-verao-comeca-apenas-em-novembro\" target=\"_blank\" rel=\"noopener noreferrer\">contava com o adiamento<\/a>\u00a0e chegou a comemor\u00e1-lo. \u201cCandidatos\u00a0ter\u00e3o mais tranquilidade para fazer as provas! Caso o hor\u00e1rio de ver\u00e3o iniciasse no primeiro dia de provas do Enem, como estava previsto, muito provavelmente acarretaria preju\u00edzos aos participantes&#8221;, disse nas redes sociais no in\u00edcio\u00a0de outubro.<\/p>\n<p>A negativa do Planalto ao pedido veio ap\u00f3s estudo de viabilidade feito pelos minist\u00e9rios de Minas e Energia e Transportes.\u00a0Segundo a assessoria do Planalto, a an\u00e1lise dos minist\u00e9rios concluiu a inviabilidade de nova mudan\u00e7a no hor\u00e1rio de ver\u00e3o, sem detalhes da\u00a0decis\u00e3o.<\/p>\n<p>Na \u00e9poca em que foi anunciado o adiamento para 18 de novembro, a medida foi\u00a0<a href=\"http:\/\/agenciabrasil.ebc.com.br\/economia\/noticia\/2018-10\/aereas-dizem-que-mudanca-no-horario-de-verao-vai-prejudicar-passageiro\" target=\"_blank\" rel=\"noopener noreferrer\">criticada<\/a>\u00a0pela\u00a0Associa\u00e7\u00e3o Brasileira das Empresas A\u00e9reas (Abear). Segundo a associa\u00e7\u00e3o, a mudan\u00e7a da data acarretaria\u00a0&#8220;s\u00e9rias consequ\u00eancias&#8221; ao planejamento das opera\u00e7\u00f5es e, consequentemente, para quem adquiriu passagens antecipadamente, afetando 3 milh\u00f5es de passageiros.<\/p>\n<h2>Ajustar o rel\u00f3gio<\/h2>\n<p>No hor\u00e1rio de ver\u00e3o, os rel\u00f3gios devem ser adiantados em uma hora. O hor\u00e1rio \u00e9 adotado nos estados de S\u00e3o Paulo, Rio de Janeiro, Minas Gerais, Esp\u00edrito Santo, Rio Grande do Sul, Santa Catarina, Paran\u00e1, Goi\u00e1s, Mato Grosso, Mato Grosso do Sul e no Distrito Federal.<\/p>\n","protected":false},"excerpt":{"rendered":"<p>O Pal\u00e1cio do Planalto informou nesta ter\u00e7a-feira (15)\u00a0que o in\u00edcio do hor\u00e1rio de ver\u00e3o ser\u00e1&#8230;<\/p>\n","protected":false},"author":1,"featured_media":0,"comment_status":"closed","ping_status":"closed","sticky":false,"template":"","format":"standard","meta":{"footnotes":""},"categories":[14],"tags":[],"class_list":["post-23710","post","type-post","status-publish","format-standard","hentry","category-geral"],"_links":{"self":[{"href":"https:\/\/www.corumbaonline.com.br\/news\/wp-json\/wp\/v2\/posts\/23710","targetHints":{"allow":["GET"]}}],"collection":[{"href":"https:\/\/www.corumbaonline.com.br\/news\/wp-json\/wp\/v2\/posts"}],"about":[{"href":"https:\/\/www.corumbaonline.com.br\/news\/wp-json\/wp\/v2\/types\/post"}],"author":[{"embeddable":true,"href":"https:\/\/www.corumbaonline.com.br\/news\/wp-json\/wp\/v2\/users\/1"}],"replies":[{"embeddable":true,"href":"https:\/\/www.corumbaonline.com.br\/news\/wp-json\/wp\/v2\/comments?post=23710"}],"version-history":[{"count":1,"href":"https:\/\/www.corumbaonline.com.br\/news\/wp-json\/wp\/v2\/posts\/23710\/revisions"}],"predecessor-version":[{"id":23711,"href":"https:\/\/www.corumbaonline.com.br\/news\/wp-json\/wp\/v2\/posts\/23710\/revisions\/23711"}],"wp:attachment":[{"href":"https:\/\/www.corumbaonline.com.br\/news\/wp-json\/wp\/v2\/media?parent=23710"}],"wp:term":[{"taxonomy":"category","embeddable":true,"href":"https:\/\/www.corumbaonline.com.br\/news\/wp-json\/wp\/v2\/categories?post=23710"},{"taxonomy":"post_tag","embeddable":true,"href":"https:\/\/www.corumbaonline.com.br\/news\/wp-json\/wp\/v2\/tags?post=23710"}],"curies":[{"name":"wp","href":"https:\/\/api.w.org\/{rel}","templated":true}]}}