{"id":23712,"date":"2018-10-16T10:30:23","date_gmt":"2018-10-16T14:30:23","guid":{"rendered":"http:\/\/www.corumbaonline.com.br\/news\/?p=23712"},"modified":"2018-10-16T11:48:53","modified_gmt":"2018-10-16T15:48:53","slug":"cadeira-de-rodas-e-levada-da-upa-e-prejudica-atendimento-no-local","status":"publish","type":"post","link":"https:\/\/www.corumbaonline.com.br\/news\/cadeira-de-rodas-e-levada-da-upa-e-prejudica-atendimento-no-local\/","title":{"rendered":"Cadeira de rodas \u00e9 levada da UPA e prejudica atendimento no local"},"content":{"rendered":"<p>Uma cadeira de rodas foi levada da UPA do bairro Guat\u00f3 na madrugada desta ter\u00e7a-feira, 16 de outubro. A equipe do local percebeu a falta do equipamento nesta manh\u00e3 e um Boletim de Ocorr\u00eancia foi registrado na 1\u00aa Delegacia de Pol\u00edcia Civil de Corumb\u00e1.<\/p>\n<p>&nbsp;<\/p>\n<p>Coordenadora de Urg\u00eancia e Emerg\u00eancia da Secretaria Municipal de Sa\u00fade, a enfermeira Let\u00edcia Schutz Pereira acredita que a cadeira de rodas tenha sido levada por engano e solicitou a devolu\u00e7\u00e3o do produto ortop\u00e9dico.<\/p>\n<p>&nbsp;<\/p>\n<p>\u201cO atendimento na UPA acaba ficando prejudicado sem esse material, que \u00e9 de grande import\u00e2ncia para o funcionamento da unidade. Por isso pedimos para quem a levou, que devolva a cadeira com a m\u00e1xima urg\u00eancia\u201d, afirmou.<\/p>\n<p>&nbsp;<\/p>\n<p>O subsecret\u00e1rio municipal de Sa\u00fade, F\u00e1bio Mandu, lembrou que o equipamento \u00e9 usado para o socorro de pessoas idosas ou com grande dificuldade de locomo\u00e7\u00e3o. \u201cFora de uma unidade hospitalar, ele tem pouco valor. Mas para o trabalho da UPA, essa cadeira \u00e9 muito importante\u201d, observou.<\/p>\n<p>&nbsp;<\/p>\n<p>J\u00e1 o secret\u00e1rio municipal de sa\u00fade, Rog\u00e9rio Leite, enfatizou que a confec\u00e7\u00e3o do B.O. \u00e9 praxe nesse tipo de situa\u00e7\u00e3o em reparti\u00e7\u00e3o p\u00fablica, mas afirmou que tamb\u00e9m acredita que o material foi levado por engano e que ser\u00e1 devolvido sem a necessidade de investiga\u00e7\u00e3o da Pol\u00edcia Civil.<\/p>\n","protected":false},"excerpt":{"rendered":"<p>Uma cadeira de rodas foi levada da UPA do bairro Guat\u00f3 na madrugada desta ter\u00e7a-feira,&#8230;<\/p>\n","protected":false},"author":1,"featured_media":0,"comment_status":"closed","ping_status":"closed","sticky":false,"template":"","format":"standard","meta":{"footnotes":""},"categories":[21],"tags":[],"class_list":["post-23712","post","type-post","status-publish","format-standard","hentry","category-saude"],"_links":{"self":[{"href":"https:\/\/www.corumbaonline.com.br\/news\/wp-json\/wp\/v2\/posts\/23712","targetHints":{"allow":["GET"]}}],"collection":[{"href":"https:\/\/www.corumbaonline.com.br\/news\/wp-json\/wp\/v2\/posts"}],"about":[{"href":"https:\/\/www.corumbaonline.com.br\/news\/wp-json\/wp\/v2\/types\/post"}],"author":[{"embeddable":true,"href":"https:\/\/www.corumbaonline.com.br\/news\/wp-json\/wp\/v2\/users\/1"}],"replies":[{"embeddable":true,"href":"https:\/\/www.corumbaonline.com.br\/news\/wp-json\/wp\/v2\/comments?post=23712"}],"version-history":[{"count":1,"href":"https:\/\/www.corumbaonline.com.br\/news\/wp-json\/wp\/v2\/posts\/23712\/revisions"}],"predecessor-version":[{"id":23713,"href":"https:\/\/www.corumbaonline.com.br\/news\/wp-json\/wp\/v2\/posts\/23712\/revisions\/23713"}],"wp:attachment":[{"href":"https:\/\/www.corumbaonline.com.br\/news\/wp-json\/wp\/v2\/media?parent=23712"}],"wp:term":[{"taxonomy":"category","embeddable":true,"href":"https:\/\/www.corumbaonline.com.br\/news\/wp-json\/wp\/v2\/categories?post=23712"},{"taxonomy":"post_tag","embeddable":true,"href":"https:\/\/www.corumbaonline.com.br\/news\/wp-json\/wp\/v2\/tags?post=23712"}],"curies":[{"name":"wp","href":"https:\/\/api.w.org\/{rel}","templated":true}]}}