{"id":23717,"date":"2018-10-16T10:58:36","date_gmt":"2018-10-16T14:58:36","guid":{"rendered":"http:\/\/www.corumbaonline.com.br\/news\/?p=23717"},"modified":"2018-10-16T11:59:14","modified_gmt":"2018-10-16T15:59:14","slug":"com-diretores-da-reme-prefeitura-celebra-dia-dos-professores","status":"publish","type":"post","link":"https:\/\/www.corumbaonline.com.br\/news\/com-diretores-da-reme-prefeitura-celebra-dia-dos-professores\/","title":{"rendered":"Com diretores da REME, Prefeitura celebra Dia dos Professores"},"content":{"rendered":"<p>Com a realiza\u00e7\u00e3o de um caf\u00e9 da manh\u00e3 no Centro de Conven\u00e7\u00f5es, a Prefeitura de Corumb\u00e1, por meio da Secretaria Municipal de Educa\u00e7\u00e3o, celebrou nesta ter\u00e7a-feira, 16 de outubro, o Dia do Professor com diretores e diretores adjuntos das escolas da Rede Municipal de Ensino (REME).<\/p>\n<p>&nbsp;<\/p>\n<p>\u201cTrabalhamos com o intuito de sempre valorizar a autoestima dos nossos professores. O Dia do Professor \u00e9 uma data que precisamos comemorar. Proporcionamos aos diretores e adjuntos esse momento de confraterniza\u00e7\u00e3o para que repliquem nas escolas esse ambiente harmonioso, de valoriza\u00e7\u00e3o dos profissionais nas salas de aulas\u201d, disse a subsecret\u00e1ria Municipal de Educa\u00e7\u00e3o, Maria do Carmo Provenzano de Arruda Brum.<\/p>\n<p>&nbsp;<\/p>\n<p>Participando da celebra\u00e7\u00e3o, o secret\u00e1rio Municipal de Educa\u00e7\u00e3o, Genilson Canavarro de Abreu, destacou que a confraterniza\u00e7\u00e3o homenageia a todos os 1,5 mil professores da Rede Municipal de Ensino. \u201cHomenageamos todos os professores da REME e essa acolhida ser\u00e1 levada pelos diretores para suas escolas\u201d, afirmou. \u00a0Durante o caf\u00e9 da manh\u00e3 houve apresenta\u00e7\u00f5es musicais e culturais, com participa\u00e7\u00e3o da Oficina de Dan\u00e7a.<\/p>\n<p><strong>O Dia do Professor<\/strong><\/p>\n<p>&nbsp;<\/p>\n<p>A origem do Dia do Professor se deve ao fato de, na data de 15 de outubro de 1827, o imperador D. Pedro I ter institu\u00eddo um decreto que criou o Ensino Elementar no Brasil, com a institui\u00e7\u00e3o das escolas de primeiras letras em todos os vilarejos e cidades do pa\u00eds. Al\u00e9m disso, o decreto estabeleceu a regulamenta\u00e7\u00e3o dos conte\u00fados a serem ministrados e as condi\u00e7\u00f5es trabalhistas dos professores.<\/p>\n<p>&nbsp;<\/p>\n<p>Tempos depois, mais precisamente no ano de 1947, o professor paulista Salom\u00e3o Becker, em conjunto com tr\u00eas outros profissionais da \u00e1rea, teve a ideia de criar nessa data um dia de confraterniza\u00e7\u00e3o em homenagem aos professores e tamb\u00e9m em raz\u00e3o da necessidade de uma pausa no segundo semestre, at\u00e9 ent\u00e3o muito sobrecarregado de aulas.<\/p>\n<p>&nbsp;<\/p>\n<p>Mais tarde, em 1963, a data foi oficializada pelo decreto federal n\u00ba 52.682, que, em seu art. 3\u00ba, diz que \u201cpara comemorar condignamente o dia do professor, os estabelecimentos de ensino far\u00e3o promover solenidades, em que se enalte\u00e7a a fun\u00e7\u00e3o do mestre na sociedade moderna, fazendo delas participar os alunos e as fam\u00edlias\u201d. Com informa\u00e7\u00f5es do site Brasil Escola.<\/p>\n","protected":false},"excerpt":{"rendered":"<p>Com a realiza\u00e7\u00e3o de um caf\u00e9 da manh\u00e3 no Centro de Conven\u00e7\u00f5es, a Prefeitura de&#8230;<\/p>\n","protected":false},"author":1,"featured_media":23718,"comment_status":"closed","ping_status":"closed","sticky":false,"template":"","format":"standard","meta":{"footnotes":""},"categories":[8,10],"tags":[],"class_list":["post-23717","post","type-post","status-publish","format-standard","has-post-thumbnail","hentry","category-destaque","category-educacao"],"_links":{"self":[{"href":"https:\/\/www.corumbaonline.com.br\/news\/wp-json\/wp\/v2\/posts\/23717","targetHints":{"allow":["GET"]}}],"collection":[{"href":"https:\/\/www.corumbaonline.com.br\/news\/wp-json\/wp\/v2\/posts"}],"about":[{"href":"https:\/\/www.corumbaonline.com.br\/news\/wp-json\/wp\/v2\/types\/post"}],"author":[{"embeddable":true,"href":"https:\/\/www.corumbaonline.com.br\/news\/wp-json\/wp\/v2\/users\/1"}],"replies":[{"embeddable":true,"href":"https:\/\/www.corumbaonline.com.br\/news\/wp-json\/wp\/v2\/comments?post=23717"}],"version-history":[{"count":1,"href":"https:\/\/www.corumbaonline.com.br\/news\/wp-json\/wp\/v2\/posts\/23717\/revisions"}],"predecessor-version":[{"id":23719,"href":"https:\/\/www.corumbaonline.com.br\/news\/wp-json\/wp\/v2\/posts\/23717\/revisions\/23719"}],"wp:featuredmedia":[{"embeddable":true,"href":"https:\/\/www.corumbaonline.com.br\/news\/wp-json\/wp\/v2\/media\/23718"}],"wp:attachment":[{"href":"https:\/\/www.corumbaonline.com.br\/news\/wp-json\/wp\/v2\/media?parent=23717"}],"wp:term":[{"taxonomy":"category","embeddable":true,"href":"https:\/\/www.corumbaonline.com.br\/news\/wp-json\/wp\/v2\/categories?post=23717"},{"taxonomy":"post_tag","embeddable":true,"href":"https:\/\/www.corumbaonline.com.br\/news\/wp-json\/wp\/v2\/tags?post=23717"}],"curies":[{"name":"wp","href":"https:\/\/api.w.org\/{rel}","templated":true}]}}