{"id":23720,"date":"2018-10-16T10:05:11","date_gmt":"2018-10-16T14:05:11","guid":{"rendered":"http:\/\/www.corumbaonline.com.br\/news\/?p=23720"},"modified":"2018-10-16T12:02:48","modified_gmt":"2018-10-16T16:02:48","slug":"radialista-gil-gomes-morre-aos-78-anos","status":"publish","type":"post","link":"https:\/\/www.corumbaonline.com.br\/news\/radialista-gil-gomes-morre-aos-78-anos\/","title":{"rendered":"Radialista Gil Gomes morre aos 78 anos"},"content":{"rendered":"<p>O apresentador e radialista\u00a0<strong>Gil Gomes<\/strong>\u00a0morreu nesta ter\u00e7a-feira, 16, aos 78 anos. Ele passou mal na segunda-feira e foi levado ao\u00a0<strong>Hospital S\u00e3o Paulo<\/strong>, na zona sul da cidade, mas n\u00e3o resistiu. A causa da morte ainda n\u00e3o foi divulgada, tampouco informa\u00e7\u00f5es sobre vel\u00f3rio.<\/p>\n<p>Ele sofria com mal de\u00a0<strong>Parkinson\u00a0<\/strong>desde 2005.<\/p>\n<p><strong>Gil Gomes\u00a0<\/strong>iniciou sua carreira na extinta\u00a0<strong>R\u00e1dio Marconi<\/strong>, na d\u00e9cada de 1960.<\/p>\n<p class=\"text\">Os gestos, a voz e o visual do jornalista foram caracter\u00edsticas que o marcaram como o rep\u00f3rter policial do jornal di\u00e1rio\u00a0<em>Aqui Agora<\/em>, exibido pelo\u00a0<em>SBT\u00a0<\/em>entre 1991 e 1997.<\/p>\n<p class=\"text\">&#8220;Sempre gostei de roupas de cores fortes e estampadas por causa da alegria que elas passam&#8221;, comentou em 2011.<\/p>\n<p class=\"text\">Em entrevista em 2011 ao\u00a0<em>Estado<\/em>,\u00a0<strong>Gomes\u00a0<\/strong>rememorava com saudosismo os tempos de televis\u00e3o, em que diz ter trabalhado com &#8220;a sele\u00e7\u00e3o brasileira de rep\u00f3rteres&#8221;. Da equipe do programa, destacam-se os jornalistas\u00a0<strong>C\u00e9sar Tralli\u00a0<\/strong>e<strong>\u00a0S\u00f4nia Abr\u00e3o<\/strong>. &#8220;Quando eu falei do\u00a0<em>PCC\u00a0<\/em>pela primeira vez, chamaram de jornalismo lixo. O que eu falava naquela \u00e9poca est\u00e1 acontecendo agora&#8221;, dizia o jornalista.<\/p>\n","protected":false},"excerpt":{"rendered":"<p>O apresentador e radialista\u00a0Gil Gomes\u00a0morreu nesta ter\u00e7a-feira, 16, aos 78 anos. Ele passou mal na&#8230;<\/p>\n","protected":false},"author":1,"featured_media":23721,"comment_status":"closed","ping_status":"closed","sticky":false,"template":"","format":"standard","meta":{"footnotes":""},"categories":[14],"tags":[],"class_list":["post-23720","post","type-post","status-publish","format-standard","has-post-thumbnail","hentry","category-geral"],"_links":{"self":[{"href":"https:\/\/www.corumbaonline.com.br\/news\/wp-json\/wp\/v2\/posts\/23720","targetHints":{"allow":["GET"]}}],"collection":[{"href":"https:\/\/www.corumbaonline.com.br\/news\/wp-json\/wp\/v2\/posts"}],"about":[{"href":"https:\/\/www.corumbaonline.com.br\/news\/wp-json\/wp\/v2\/types\/post"}],"author":[{"embeddable":true,"href":"https:\/\/www.corumbaonline.com.br\/news\/wp-json\/wp\/v2\/users\/1"}],"replies":[{"embeddable":true,"href":"https:\/\/www.corumbaonline.com.br\/news\/wp-json\/wp\/v2\/comments?post=23720"}],"version-history":[{"count":1,"href":"https:\/\/www.corumbaonline.com.br\/news\/wp-json\/wp\/v2\/posts\/23720\/revisions"}],"predecessor-version":[{"id":23722,"href":"https:\/\/www.corumbaonline.com.br\/news\/wp-json\/wp\/v2\/posts\/23720\/revisions\/23722"}],"wp:featuredmedia":[{"embeddable":true,"href":"https:\/\/www.corumbaonline.com.br\/news\/wp-json\/wp\/v2\/media\/23721"}],"wp:attachment":[{"href":"https:\/\/www.corumbaonline.com.br\/news\/wp-json\/wp\/v2\/media?parent=23720"}],"wp:term":[{"taxonomy":"category","embeddable":true,"href":"https:\/\/www.corumbaonline.com.br\/news\/wp-json\/wp\/v2\/categories?post=23720"},{"taxonomy":"post_tag","embeddable":true,"href":"https:\/\/www.corumbaonline.com.br\/news\/wp-json\/wp\/v2\/tags?post=23720"}],"curies":[{"name":"wp","href":"https:\/\/api.w.org\/{rel}","templated":true}]}}