{"id":23742,"date":"2018-10-16T17:31:13","date_gmt":"2018-10-16T21:31:13","guid":{"rendered":"http:\/\/www.corumbaonline.com.br\/news\/?p=23742"},"modified":"2018-10-16T17:05:38","modified_gmt":"2018-10-16T21:05:38","slug":"senac-corumba-oferece-oportunidades-de-qualificacao-em-cursos-variados-2","status":"publish","type":"post","link":"https:\/\/www.corumbaonline.com.br\/news\/senac-corumba-oferece-oportunidades-de-qualificacao-em-cursos-variados-2\/","title":{"rendered":"Senac Corumb\u00e1 oferece oportunidades de qualifica\u00e7\u00e3o em cursos variados"},"content":{"rendered":"<div dir=\"ltr\">O Senac de Corumb\u00e1 est\u00e1 com inscri\u00e7\u00f5es abertas para cursos em diversas \u00e1reas neste m\u00eas de outubro, oportunidades para quem busca capacita\u00e7\u00e3o profissional.\u00a0 Na \u00e1rea da gest\u00e3o uma das op\u00e7\u00f5es \u00e9 o curso\u00a0<b>Orat\u00f3ria &#8211; A Arte da Comunica\u00e7\u00e3o Eficaz<\/b>, com in\u00edcio dia 20 de outubro.<\/div>\n<div dir=\"ltr\"><\/div>\n<div dir=\"ltr\">O curso tem como objetivo apresentar aos alunos t\u00e9cnicas para vencer o medo de falar em p\u00fablico, proporcionando o desenvolvimento de compet\u00eancias e o alcance de uma comunica\u00e7\u00e3o assertiva, considerando a organiza\u00e7\u00e3o, dom\u00ednio dos equipamentos de suporte ao discurso, perfil do p\u00fablico e o autocontrole como elementos fundamentais.<\/p>\n<p>Tem ainda o curso\u00a0<b>T\u00e9cnicas de Vendas e Atendimento ao Cliente<\/b>, que propicia aos participantes condi\u00e7\u00f5es para o desenvolvimento de compet\u00eancias necess\u00e1rias para a concretiza\u00e7\u00e3o do processo de venda. O curso ensina a identificar as necessidades do cliente, formulando perguntas utilizando as t\u00e9cnicas, transformando as caracter\u00edsticas dos produtos e servi\u00e7os em vantagens e benef\u00edcios e desenvolvendo a comunica\u00e7\u00e3o persuasiva. As aulas t\u00eam in\u00edcio dia 29 de outubro, no per\u00edodo noturno.<\/p>\n<p>Por \u00faltimo, tem o curso na \u00e1rea da beleza,\u00a0<b>Design de Sobrancelhas<\/b>, com aulas a partir de 29 de outubro, que ir\u00e1 proporcionar aos participantes o aprendizado da modelagem por meio da simetria facial, com a utiliza\u00e7\u00e3o do paqu\u00edmetro e das t\u00e9cnicas de visagismo adequadas ao perfil do rosto e necessidade do cliente. O curso ser\u00e1 ministrado no per\u00edodo noturno.<\/div>\n","protected":false},"excerpt":{"rendered":"<p>O Senac de Corumb\u00e1 est\u00e1 com inscri\u00e7\u00f5es abertas para cursos em diversas \u00e1reas neste m\u00eas&#8230;<\/p>\n","protected":false},"author":1,"featured_media":0,"comment_status":"closed","ping_status":"closed","sticky":false,"template":"","format":"standard","meta":{"footnotes":""},"categories":[14],"tags":[],"class_list":["post-23742","post","type-post","status-publish","format-standard","hentry","category-geral"],"_links":{"self":[{"href":"https:\/\/www.corumbaonline.com.br\/news\/wp-json\/wp\/v2\/posts\/23742","targetHints":{"allow":["GET"]}}],"collection":[{"href":"https:\/\/www.corumbaonline.com.br\/news\/wp-json\/wp\/v2\/posts"}],"about":[{"href":"https:\/\/www.corumbaonline.com.br\/news\/wp-json\/wp\/v2\/types\/post"}],"author":[{"embeddable":true,"href":"https:\/\/www.corumbaonline.com.br\/news\/wp-json\/wp\/v2\/users\/1"}],"replies":[{"embeddable":true,"href":"https:\/\/www.corumbaonline.com.br\/news\/wp-json\/wp\/v2\/comments?post=23742"}],"version-history":[{"count":1,"href":"https:\/\/www.corumbaonline.com.br\/news\/wp-json\/wp\/v2\/posts\/23742\/revisions"}],"predecessor-version":[{"id":23743,"href":"https:\/\/www.corumbaonline.com.br\/news\/wp-json\/wp\/v2\/posts\/23742\/revisions\/23743"}],"wp:attachment":[{"href":"https:\/\/www.corumbaonline.com.br\/news\/wp-json\/wp\/v2\/media?parent=23742"}],"wp:term":[{"taxonomy":"category","embeddable":true,"href":"https:\/\/www.corumbaonline.com.br\/news\/wp-json\/wp\/v2\/categories?post=23742"},{"taxonomy":"post_tag","embeddable":true,"href":"https:\/\/www.corumbaonline.com.br\/news\/wp-json\/wp\/v2\/tags?post=23742"}],"curies":[{"name":"wp","href":"https:\/\/api.w.org\/{rel}","templated":true}]}}