{"id":23756,"date":"2018-10-17T08:21:22","date_gmt":"2018-10-17T12:21:22","guid":{"rendered":"http:\/\/www.corumbaonline.com.br\/news\/?p=23756"},"modified":"2018-10-17T08:40:46","modified_gmt":"2018-10-17T12:40:46","slug":"ku-klux-klan-motiva-bate-boca-entre-haddad-e-bolsonaro-no-twitter","status":"publish","type":"post","link":"https:\/\/www.corumbaonline.com.br\/news\/ku-klux-klan-motiva-bate-boca-entre-haddad-e-bolsonaro-no-twitter\/","title":{"rendered":"Ku Klux Klan motiva bate-boca entre Haddad e Bolsonaro no Twitter"},"content":{"rendered":"<p>Os dois candidatos \u00e0 Presid\u00eancia que disputam o segundo turno trocaram mensagens ontem (16) no Twitter sobre um poss\u00edvel apoio da organiza\u00e7\u00e3o Ku Klux Klan a Jair Bolsonaro (PSL). &#8220;Meu advers\u00e1rio tamb\u00e9m est\u00e1 compondo com aliados e somando for\u00e7as.\u00a0Hoje\u00a0ele recebeu o apoio da Ku Klux Klan&#8230;&#8221;, provocou\u00a0o candidato do PT, Fernando Haddad.<\/p>\n<p>&#8220;Recuso qualquer tipo de apoio vindo de grupos supremacistas. Sugiro que, por coer\u00eancia, apoiem o candidato da esquerda, que adora segregar a sociedade&#8221; rebateu Bolsonaro. &#8220;Explorar isso para influenciar uma elei\u00e7\u00e3o no Brasil \u00e9 uma grande burrice! \u00c9 desconhecer o povo brasileiro, que \u00e9 miscigenado&#8221;, completou, na mesma rede social.<\/p>\n<p>O bate-boca entre os presidenci\u00e1veis foi provocado pelo fato de\u00a0o ex-l\u00edder do KKK David Duke\u00a0ter\u00a0feito coment\u00e1rios sobre o candidato do PSL\u00a0em\u00a0seu programa de r\u00e1dio nos Estados Unidos e tamb\u00e9m em sua conta no Twitter.<\/p>\n<div class=\"dnd-widget-wrapper context-medio_4colunas type-image atom-align-left\">\n<div class=\"dnd-atom-rendered\">\n<figure class=\"mejs-fotoh-wrapper\">\n<p><figure style=\"width: 365px\" class=\"wp-caption alignnone\"><img loading=\"lazy\" decoding=\"async\" class=\"img-responsive full full\" title=\"reprodu\u00e7\u00e3o\/Twitter\/Ag\u00eancia Brasil\" src=\"http:\/\/imagens.ebc.com.br\/R6ZtFuD0M7Bmmv3099YiKTfNdzU=\/365x0\/smart\/http:\/\/agenciabrasil.ebc.com.br\/sites\/default\/files\/thumbnails\/image\/print_twitter_david_duke.jpg?itok=Np6VMLZv\" alt=\"twitter\" width=\"365\" height=\"202\" \/><figcaption class=\"wp-caption-text\">Reprodu\u00e7\u00e3o\/Twitter\/Direitos Reservados<\/figcaption><\/figure><\/figure>\n<\/div>\n<\/div>\n<p>Um dos mais conhecidos defensores da supremacia branca, apoiador de Donald Trump, Duke compartilhou no Twitter um v\u00eddeo antigo de Bolsonaro,\u00a0com legendas em ingl\u00eas, no qual o deputado discursa, em comiss\u00e3o da C\u00e2mara, contra a educa\u00e7\u00e3o de g\u00eanero na escola p\u00fablica.<\/p>\n<p>No v\u00eddeo, Bolsonaro\u00a0diz que &#8220;canalhas e covardes est\u00e3o emboscando crian\u00e7as nas escolas&#8221; com um suposto programa de governo (do PT \u00e0 \u00e9poca) que previa a &#8220;desconstru\u00e7\u00e3o da heteronormatividade&#8221; e &#8220;a esculhamba\u00e7\u00e3o da fam\u00edlia&#8221;. A postagem de Duke tem o seguinte t\u00edtulo: &#8220;Bolsonaro prestes a conquistar a presid\u00eancia do Brasil em\u00a028 de outubro. (Voc\u00ea) precisa assistir!&#8221;<\/p>\n<p>No seu programa de r\u00e1dio, o ex-KKK, depois de elogiar Bolsonaro como candidato forte e nacionalista, diz que ele &#8220;\u00e9 branco como um europeu&#8221;. Afirma ainda que Bolsonaro &#8220;est\u00e1 falando sobre o desastre demogr\u00e1fico que existe no Brasil e a enorme criminalidade que existe ali&#8221;,\u00a0dando como exemplo &#8220;bairros negros do Rio\u00a0de Janeiro&#8221;.<\/p>\n<h2>Debate<\/h2>\n<p>Al\u00e9m de discutirem\u00a0no Twitter sobre a KKK, os presidenci\u00e1veis trocaram farpas sobre a realiza\u00e7\u00e3o de debates no segundo turno da disputa presidencial. Em resposta a uma publica\u00e7\u00e3o de Bolsonaro, que chamou Haddad de \u201cfantoche de corrupto\u201d, o candidato petista chamou o advers\u00e1rio para o debate. \u201cTuitar e fazer live \u00e9 f\u00e1cil, deputado. Vamos debater frente a frente, com educa\u00e7\u00e3o, em uma enfermaria se precisar\u201d.<\/p>\n<p>Bolsonaro respondeu dizendo que \u201cquem conversa com poste \u00e9 b\u00eabado\u201d. \u201cExiste um que est\u00e1 preso por corrup\u00e7\u00e3o e voc\u00ea vai toda semana na cadeia visit\u00e1-lo intimamente al\u00e9m de receber ordens\u201d, escreveu o candidato do PSL.\u00a0Haddad respondeu com a foto de uma bancada de debate vazia e a frase: &#8220;Te espero aqui, deputado&#8221;.<\/p>\n","protected":false},"excerpt":{"rendered":"<p>Os dois candidatos \u00e0 Presid\u00eancia que disputam o segundo turno trocaram mensagens ontem (16) no&#8230;<\/p>\n","protected":false},"author":1,"featured_media":0,"comment_status":"closed","ping_status":"closed","sticky":false,"template":"","format":"standard","meta":{"footnotes":""},"categories":[101,19],"tags":[],"class_list":["post-23756","post","type-post","status-publish","format-standard","hentry","category-eleicoes","category-politica"],"_links":{"self":[{"href":"https:\/\/www.corumbaonline.com.br\/news\/wp-json\/wp\/v2\/posts\/23756","targetHints":{"allow":["GET"]}}],"collection":[{"href":"https:\/\/www.corumbaonline.com.br\/news\/wp-json\/wp\/v2\/posts"}],"about":[{"href":"https:\/\/www.corumbaonline.com.br\/news\/wp-json\/wp\/v2\/types\/post"}],"author":[{"embeddable":true,"href":"https:\/\/www.corumbaonline.com.br\/news\/wp-json\/wp\/v2\/users\/1"}],"replies":[{"embeddable":true,"href":"https:\/\/www.corumbaonline.com.br\/news\/wp-json\/wp\/v2\/comments?post=23756"}],"version-history":[{"count":1,"href":"https:\/\/www.corumbaonline.com.br\/news\/wp-json\/wp\/v2\/posts\/23756\/revisions"}],"predecessor-version":[{"id":23757,"href":"https:\/\/www.corumbaonline.com.br\/news\/wp-json\/wp\/v2\/posts\/23756\/revisions\/23757"}],"wp:attachment":[{"href":"https:\/\/www.corumbaonline.com.br\/news\/wp-json\/wp\/v2\/media?parent=23756"}],"wp:term":[{"taxonomy":"category","embeddable":true,"href":"https:\/\/www.corumbaonline.com.br\/news\/wp-json\/wp\/v2\/categories?post=23756"},{"taxonomy":"post_tag","embeddable":true,"href":"https:\/\/www.corumbaonline.com.br\/news\/wp-json\/wp\/v2\/tags?post=23756"}],"curies":[{"name":"wp","href":"https:\/\/api.w.org\/{rel}","templated":true}]}}