{"id":23766,"date":"2018-10-18T08:08:40","date_gmt":"2018-10-18T12:08:40","guid":{"rendered":"http:\/\/www.corumbaonline.com.br\/news\/?p=23766"},"modified":"2018-10-18T10:39:36","modified_gmt":"2018-10-18T14:39:36","slug":"senado-rejeita-projeto-sobre-venda-de-distribuidoras-da-eletrobras","status":"publish","type":"post","link":"https:\/\/www.corumbaonline.com.br\/news\/senado-rejeita-projeto-sobre-venda-de-distribuidoras-da-eletrobras\/","title":{"rendered":"Senado rejeita projeto sobre venda de distribuidoras da Eletrobras"},"content":{"rendered":"<p>O Senado rejeitou nesta ter\u00e7a-feira (16) o projeto que facilitava a venda de seis distribuidoras da Eletrobras. Por 34 votos a 18, os senadores derrubaram a mat\u00e9ria, que havia sido encaminhada ao Congresso pelo governo federal e tramitava em regime de urg\u00eancia. A vota\u00e7\u00e3o foi marcada por embate entre representantes de estados do Norte, que seriam atingidos pela medida, e l\u00edderes do governo. Com a rejei\u00e7\u00e3o, a mat\u00e9ria deixa de tramitar no Congresso Nacional.<\/p>\n<div class=\"dnd-widget-wrapper context-cheio_8colunas type-image\">\n<div class=\"dnd-atom-rendered\">\n<figure class=\"mejs-fotoh-wrapper\">\n<p><figure style=\"width: 754px\" class=\"wp-caption alignnone\"><img loading=\"lazy\" decoding=\"async\" class=\"img-responsive full full\" title=\"Fabio Rodrigues Pozzebom\/Ag\u00eancia Brasil\/Ag\u00eancia Brasil\" src=\"http:\/\/imagens.ebc.com.br\/_eMDXwklYZXOigab_OrIaien964=\/754x0\/smart\/http:\/\/agenciabrasil.ebc.com.br\/sites\/default\/files\/thumbnails\/image\/fpzzb_abr_161018_9453.jpg?itok=Qnie-43z\" alt=\"Senado realiza sess\u00e3o plen\u00e1ria para a an\u00e1lise e vota\u00e7\u00e3o do projeto de lei da C\u00e2mara (PLC 77\/2018) que abre caminho para a privatiza\u00e7\u00e3o de seis distribuidoras de energia controladas pela Eletrobras na Regi\u00e3o Norte.\" width=\"754\" height=\"503\" \/><figcaption class=\"wp-caption-text\">Privatiza\u00e7\u00e3o de distribuidoras da Eletrobras foi rejeitada por 34 votos a 18 (Fabio Rodrigues Pozzebom\/Ag\u00eancia Brasil)<\/figcaption><\/figure><\/figure>\n<\/div>\n<\/div>\n<p>Das seis distribuidoras inclu\u00eddas na proposta, o governo j\u00e1 realizou o leil\u00e3o de quatro: Companhia Energ\u00e9tica do Piau\u00ed (Cepisa), leiloada em julho; Companhia de Eletricidade do Acre (Eletroacre), Centrais El\u00e9tricas de Rond\u00f4nia (Ceron) e Boa Vista Energia, que atende a Roraima, em agosto. As outras duas s\u00e3o a Amazonas Distribuidora de Energia, cujo leil\u00e3o tinha sido adiado para a semana que vem, e a Companhia Energ\u00e9tica de Alagoas, onde uma decis\u00e3o judicial suspendeu a privatiza\u00e7\u00e3o.<\/p>\n<p>Na opini\u00e3o do senador Eduardo Braga (MDB-AM), a rejei\u00e7\u00e3o do projeto abre uma &#8220;inseguran\u00e7a jur\u00eddica&#8221;. inclusive para as distribuidoras de energia que j\u00e1 foram privatizadas. &#8220;Foi a decis\u00e3o mais acertada. Eu creio que [com a rejei\u00e7\u00e3o do projeto] muito provavelmente n\u00e3o haver\u00e1 a concretude da assinatura dos contratos, e isso dar\u00e1 a oportunidade ao futuro governo, que ser\u00e1 escolhido, decidir [quais ser\u00e3o as pol\u00edticas para o setor]&#8221;, disse, ap\u00f3s a vota\u00e7\u00e3o.<\/p>\n<p>Durante as discuss\u00f5es, os tr\u00eas senadores do Amazonas foram \u00e0 tribuna falar contra o projeto, argumentando que a energia ficaria mais cara para os consumidores. Segundo Vanessa Grazziotin (PCdoB-AM), o projeto vai facilitar a privatiza\u00e7\u00e3o da Amazonas Energia, o que dever\u00e1 prejudicar investimentos do grupo vencedor do leil\u00e3o em munic\u00edpios do interior do estado. Ela disse que a inten\u00e7\u00e3o do governo \u00e9 vender a distribuidora por apenas R$ 50 mil.<\/p>\n<p>&#8220;O pr\u00f3prio Programa Luz para Todos sofrer\u00e1 uma grave amea\u00e7a caso seja efetivada a privatiza\u00e7\u00e3o da Amazonas Energia. O programa n\u00e3o \u00e9 apenas a constru\u00e7\u00e3o, n\u00e3o \u00e9 apenas levar a energia, \u00e9 manter o programa, que \u00e9 pago pelos moradores que vivem nas comunidades isoladas. Ent\u00e3o, quem \u00e9? Qual a empresa que vai querer e vai manter esse programa efetivamente se n\u00e3o lhe d\u00e1 lucro nenhum e se as pessoas vivem t\u00e3o isoladas que n\u00e3o ter\u00e3o posteriormente a quem recorrer e a quem reclamar?&#8221;, questionou.<\/p>\n<p>Eduardo Braga prop\u00f4s que a mat\u00e9ria fosse votada apenas ap\u00f3s o segundo turno das elei\u00e7\u00f5es presidenciais, per\u00edodo em que a popula\u00e7\u00e3o ter\u00e1 decidido &#8220;qual o projeto de pa\u00eds que quer para o futuro&#8221;. De acordo com Braga, 4 milh\u00f5es de pessoas que vivem no estado ser\u00e3o prejudicadas. J\u00e1 o senador Omar Aziz (PSD-AM) afirmou que n\u00e3o se pode falar em &#8220;desenvolvimento da economia e cria\u00e7\u00e3o de oportunidades&#8221; para os amazonenses se n\u00e3o tiver &#8220;energia barata, com qualidade e eficiente&#8221;.<\/p>\n<p>Na opini\u00e3o de Jorge Viana (PT-AC), a aprova\u00e7\u00e3o da proposta traria preju\u00edzos mais &#8220;graves&#8221; ao estado de Roraima, que n\u00e3o \u00e9 interligado ao sistema el\u00e9trico nacional e onde a energia distribu\u00edda vem de fora do pa\u00eds.<\/p>\n<p>O l\u00edder do governo no Senado, Fernando Bezerra Coelho (MDB-PE), repetiu enfaticamente que os contratos de leil\u00e3o impedem o repasse de qualquer aumento para os consumidores. Segundo o senador, o d\u00e9ficit atual da Amazonas Energia \u00e9 fruto de &#8220;m\u00e1 gest\u00e3o&#8221; e seria assumido em partes, caso houvesse a privatiza\u00e7\u00e3o, pela pr\u00f3pria Eletrobras. Bezerra tamb\u00e9m criticou os oradores que disseram que o projeto poderia acabar com o Luz para Todos, pois a contribui\u00e7\u00e3o que financia o programa continuar\u00e1 existindo.<\/p>\n<p>&#8220;N\u00e3o \u00e9 verdade que o PLC vai acabar com a energia subsidiada do Norte. N\u00e3o \u00e9 verdade! O PLC inclusive prev\u00ea que a energia continuar\u00e1 sendo subsidiada, atrav\u00e9s da conta da CCC, at\u00e9 a primeira revis\u00e3o tarif\u00e1ria, que ser\u00e1 analisada pela Aneel. Se tem uma coisa de que n\u00f3s nos orgulhamos \u00e9 que o setor de energia el\u00e9trica \u00e9 um dos mais bem regulamentados. Portanto, \u00e9 inverdade dizer que o governo est\u00e1 acabando com o subs\u00eddio da energia para o Norte do pa\u00eds&#8221;, argumentou.<\/p>\n<p>O Minist\u00e9rio de Minas e Energia ainda n\u00e3o se manifestou sobre a decis\u00e3o, pois o ministro Moreira Franco est\u00e1 em viagem a Portugal.<\/p>\n<h2>Entenda<\/h2>\n<p>Al\u00e9m da\u00a0<a href=\"http:\/\/agenciabrasil.ebc.com.br\/economia\/noticia\/2018-08\/distribuidoras-privatizadas-hoje-terao-reducao-de-tarifas-diz-aneel\">privatiza\u00e7\u00e3o das distribuidoras<\/a>, o projeto tratava da repactua\u00e7\u00e3o para o pagamento dos d\u00e9bitos do risco hidrol\u00f3gico (GSF, na sigla em ingl\u00eas), resultante do aumento do d\u00e9ficit de gera\u00e7\u00e3o das usinas hidrel\u00e9tricas.<\/p>\n<p>O texto tratava ainda do aumento do prazo para que a Uni\u00e3o pague \u00e0s distribuidoras gastos com combust\u00edveis, sem reconhecimento tarif\u00e1rio, incorridos pelas distribuidoras que atendem aos sistemas isolados.<\/p>\n<p>&#8220;Com esse projeto, permite-se que geradores com custo menor possam gerar energia, impedindo o acionamento das t\u00e9rmicas, que t\u00eam custo mais alto. Portanto, a vota\u00e7\u00e3o do PLC \u00e9 em benef\u00edcio do consumidor brasileiro, e n\u00e3o o contr\u00e1rio, como aqui foi tentado desconstruir, distorcer, para poder sensibilizar alguns parlamentares&#8221;, afirmou Fernando Bezerra, durante o debate.<\/p>\n","protected":false},"excerpt":{"rendered":"<p>O Senado rejeitou nesta ter\u00e7a-feira (16) o projeto que facilitava a venda de seis distribuidoras&#8230;<\/p>\n","protected":false},"author":1,"featured_media":0,"comment_status":"closed","ping_status":"closed","sticky":false,"template":"","format":"standard","meta":{"footnotes":""},"categories":[19],"tags":[],"class_list":["post-23766","post","type-post","status-publish","format-standard","hentry","category-politica"],"_links":{"self":[{"href":"https:\/\/www.corumbaonline.com.br\/news\/wp-json\/wp\/v2\/posts\/23766","targetHints":{"allow":["GET"]}}],"collection":[{"href":"https:\/\/www.corumbaonline.com.br\/news\/wp-json\/wp\/v2\/posts"}],"about":[{"href":"https:\/\/www.corumbaonline.com.br\/news\/wp-json\/wp\/v2\/types\/post"}],"author":[{"embeddable":true,"href":"https:\/\/www.corumbaonline.com.br\/news\/wp-json\/wp\/v2\/users\/1"}],"replies":[{"embeddable":true,"href":"https:\/\/www.corumbaonline.com.br\/news\/wp-json\/wp\/v2\/comments?post=23766"}],"version-history":[{"count":1,"href":"https:\/\/www.corumbaonline.com.br\/news\/wp-json\/wp\/v2\/posts\/23766\/revisions"}],"predecessor-version":[{"id":23767,"href":"https:\/\/www.corumbaonline.com.br\/news\/wp-json\/wp\/v2\/posts\/23766\/revisions\/23767"}],"wp:attachment":[{"href":"https:\/\/www.corumbaonline.com.br\/news\/wp-json\/wp\/v2\/media?parent=23766"}],"wp:term":[{"taxonomy":"category","embeddable":true,"href":"https:\/\/www.corumbaonline.com.br\/news\/wp-json\/wp\/v2\/categories?post=23766"},{"taxonomy":"post_tag","embeddable":true,"href":"https:\/\/www.corumbaonline.com.br\/news\/wp-json\/wp\/v2\/tags?post=23766"}],"curies":[{"name":"wp","href":"https:\/\/api.w.org\/{rel}","templated":true}]}}