{"id":23768,"date":"2018-10-18T08:21:57","date_gmt":"2018-10-18T12:21:57","guid":{"rendered":"http:\/\/www.corumbaonline.com.br\/news\/?p=23768"},"modified":"2018-10-18T11:37:09","modified_gmt":"2018-10-18T15:37:09","slug":"dia-e-de-definicoes-para-os-candidatos-a-presidencia-da-republica","status":"publish","type":"post","link":"https:\/\/www.corumbaonline.com.br\/news\/dia-e-de-definicoes-para-os-candidatos-a-presidencia-da-republica\/","title":{"rendered":"Dia \u00e9 de defini\u00e7\u00f5es para os candidatos \u00e0 Presid\u00eancia da Rep\u00fablica"},"content":{"rendered":"<p>O dia hoje (18) deve ser de defini\u00e7\u00f5es para os dois candidatos \u00e0 Presid\u00eancia da Rep\u00fablica Jair Bolsonaro (PSL) e Fernando Haddad (PT). \u00c9 esperada para a tarde a avalia\u00e7\u00e3o de uma junta m\u00e9dica sobre o estado de sa\u00fade de Bolsonaro. A partir desses exames, o candidato do PSL disse que decidir\u00e1 sobre sua participa\u00e7\u00e3o em debates e viagens para fora do Rio de Janeiro.<\/p>\n<p>Depois do ataque que sofreu em 6 de setembro, quando levou uma\u00a0facada na barriga, Bolsonaro est\u00e1 com uma colostomia, o que exige cuidados e mais aten\u00e7\u00e3o em situa\u00e7\u00f5es de aglomera\u00e7\u00e3o de pessoas e eventual tumulto. Nos \u00faltimos dias, o candidato indicou que pode participar de dois debates at\u00e9 o segundo turno das elei\u00e7\u00f5es.<\/p>\n<p>Haddad tem cobrado a participa\u00e7\u00e3o do advers\u00e1rio nos debates. Segundo ele, quer \u201colhar olho no olho\u201d de Bolsonaro. A junta m\u00e9dica deve ir ao Rio, na casa do candidato do PSL, como fez na semana passada. S\u00e3o m\u00e9dicos que o acompanharam no Hospital Albert Einstein, em S\u00e3o Paulo.<\/p>\n<p>O candidato do PT tem encontro, em S\u00e3o Paulo, com o grupo denominado Juristas pela Democracia, que re\u00fane magistrados que apoiam seu nome neste segundo turno. Ao longo do dia, ele ainda tem conversas com grupos de defesa dos animais e concede entrevistas exclusivas para emissoras de r\u00e1dio e televis\u00e3o.<\/p>\n<p>Haddad deve ir amanh\u00e3 (19) ao Rio e no fim de semana ao Nordeste. Os locais do Nordeste ainda v\u00e3o ser definidos, mas ele deve escolher o Piau\u00ed, a Bahia e o Maranh\u00e3o, onde os governadores s\u00e3o aliados do PT.<\/p>\n","protected":false},"excerpt":{"rendered":"<p>O dia hoje (18) deve ser de defini\u00e7\u00f5es para os dois candidatos \u00e0 Presid\u00eancia da&#8230;<\/p>\n","protected":false},"author":1,"featured_media":0,"comment_status":"closed","ping_status":"closed","sticky":false,"template":"","format":"standard","meta":{"footnotes":""},"categories":[101,19],"tags":[],"class_list":["post-23768","post","type-post","status-publish","format-standard","hentry","category-eleicoes","category-politica"],"_links":{"self":[{"href":"https:\/\/www.corumbaonline.com.br\/news\/wp-json\/wp\/v2\/posts\/23768","targetHints":{"allow":["GET"]}}],"collection":[{"href":"https:\/\/www.corumbaonline.com.br\/news\/wp-json\/wp\/v2\/posts"}],"about":[{"href":"https:\/\/www.corumbaonline.com.br\/news\/wp-json\/wp\/v2\/types\/post"}],"author":[{"embeddable":true,"href":"https:\/\/www.corumbaonline.com.br\/news\/wp-json\/wp\/v2\/users\/1"}],"replies":[{"embeddable":true,"href":"https:\/\/www.corumbaonline.com.br\/news\/wp-json\/wp\/v2\/comments?post=23768"}],"version-history":[{"count":1,"href":"https:\/\/www.corumbaonline.com.br\/news\/wp-json\/wp\/v2\/posts\/23768\/revisions"}],"predecessor-version":[{"id":23769,"href":"https:\/\/www.corumbaonline.com.br\/news\/wp-json\/wp\/v2\/posts\/23768\/revisions\/23769"}],"wp:attachment":[{"href":"https:\/\/www.corumbaonline.com.br\/news\/wp-json\/wp\/v2\/media?parent=23768"}],"wp:term":[{"taxonomy":"category","embeddable":true,"href":"https:\/\/www.corumbaonline.com.br\/news\/wp-json\/wp\/v2\/categories?post=23768"},{"taxonomy":"post_tag","embeddable":true,"href":"https:\/\/www.corumbaonline.com.br\/news\/wp-json\/wp\/v2\/tags?post=23768"}],"curies":[{"name":"wp","href":"https:\/\/api.w.org\/{rel}","templated":true}]}}