{"id":23790,"date":"2018-10-18T11:30:29","date_gmt":"2018-10-18T15:30:29","guid":{"rendered":"http:\/\/www.corumbaonline.com.br\/news\/?p=23790"},"modified":"2018-10-18T13:53:41","modified_gmt":"2018-10-18T17:53:41","slug":"em-corumba-mostra-sesc-tem-opcao-para-quem-gosta-de-suspense-e-terror-em-outubro","status":"publish","type":"post","link":"https:\/\/www.corumbaonline.com.br\/news\/em-corumba-mostra-sesc-tem-opcao-para-quem-gosta-de-suspense-e-terror-em-outubro\/","title":{"rendered":"Em Corumb\u00e1, Mostra Sesc tem op\u00e7\u00e3o para quem gosta de suspense e terror, em outubro"},"content":{"rendered":"<p class=\"x_MsoNormal\">No m\u00eas que tamb\u00e9m se comemora o Dia das Bruxas, o Sesc Corumb\u00e1 elencou uma s\u00e9rie de filmes de &#8220;Suspense&#8221; para a felicidade de crian\u00e7as e adolescentes que admiram o g\u00eanero. Os ingressos ser\u00e3o distribu\u00eddos uma hora antes de cada sess\u00e3o.<u><\/u><u><\/u><\/p>\n<p class=\"x_MsoNormal\">A gerente Thayn\u00e1 Cambar\u00e1 explica que cada sess\u00e3o ser\u00e1 composta de dois filmes, um curta e um longa-metragem e o enredo varia de assassinatos, fantasmas, vampira skatista e dem\u00f4nios metaf\u00edsico e ps\u00edquicos. &#8220;Para a faixa et\u00e1ria infantil, fantasminhas e monstrinhos pr\u00e1 l\u00e1 de atrapalhados comp\u00f5em a Mostra&#8221;.<u><\/u><u><\/u><\/p>\n<p class=\"x_MsoNormal\">No dia 29 de outubro, com sess\u00e3o \u00e0s 21h30 e classifica\u00e7\u00e3o et\u00e1ria de 16 anos, ser\u00e1 apresentado o curta do cineasta Daniel Duarte. &#8220;Enzo&#8221; retrata a vida de um adolescente ap\u00f3s a morte da m\u00e3e. Com problemas psicol\u00f3gicos, o garoto luta para saber o que \u00e9 ou n\u00e3o real. Na sequ\u00eancia, \u00e0s 22h, \u00e9 a vez de &#8220;Demon&#8221;, \u00faltimo filme do cineasta polon\u00eas Marcin Wrona (ele cometeu suic\u00eddio durante a promo\u00e7\u00e3o do filme, em 2015). A trama conta a hist\u00f3ria de um ingl\u00eas que na cerim\u00f4nia de casamento com uma polonesa \u00e9 possu\u00eddo pela vis\u00e3o de uma mulher de vestido branco. Durante a festa de casamento, ele \u00e9 \u2013aparentemente &#8211; possu\u00eddo pelo esp\u00edrito da mulher que, descobre-se depois, \u00e9 uma ador\u00e1vel garota judia que ele conhecia. A classifica\u00e7\u00e3o \u00e9 14 anos.<u><\/u><u><\/u><\/p>\n<p class=\"x_MsoNormal\">Na ter\u00e7a-feira, 30 de outubro, \u00e0s 21h30, \u00e9 a vez do filme dirigido por Carol Fig e Gubert Salles, produzido no Projeto Nutec Moinho Cultural. &#8220;Najla&#8221; se passa no pr\u00e9dio Guat\u00f3s, em 1915, e mostra a vida de uma professora de ballet que comete suic\u00eddio ap\u00f3s ter trucidado uma aluna. Mais de um s\u00e9culo depois, um empres\u00e1rio resolve vender o pr\u00e9dio e o casal que o adquire n\u00e3o imagina o motivo do pre\u00e7o do im\u00f3vel estar t\u00e3o abaixo do mercado. A classifica\u00e7\u00e3o et\u00e1ria \u00e9 16 anos. \u00c0s 22 horas, o filme \u00e9 de Mario Bava. &#8220;Seis Mulheres para o assassino&#8221;, um filme sangrento e de muita sensualidade. A hist\u00f3ria \u00e9 de um inspetor chamado para investigar o assassinato violento de uma modelo. Muitos poss\u00edveis assassinos e mist\u00e9rio envolvendo a trama. Todos s\u00e3o suspeitos at\u00e9 o momento em que morrem. \u00c9 classifica\u00e7\u00e3o et\u00e1ria de 18 anos.<u><\/u><u><\/u><\/p>\n<p class=\"x_MsoNormal\">No dia 31 de outubro, \u00e0s 19 h, &#8220;O Estacionamento&#8221;, de William Biagioli, \u00e9 rodado em Curitiba e conta como um imigrante haitiano que arruma emprego em um estacionamento no centro da cidade e, vivendo l\u00e1, come\u00e7a a perceber estranhos acontecimentos. A indica\u00e7\u00e3o \u00e9 para maiores de 12 anos. \u00c0s 22 horas, ser\u00e1 apresentado o longa-metragem &#8220;Garota Sombria Caminha pela Noite&#8221;, filme que se passa na cidade fict\u00edcia de Bad Cirty, aparentemente iraniana, tem vampiros e assassinatos, com clima de &#8220;noir&#8221;. Indica\u00e7\u00e3o \u00e0s 16 horas.<u><\/u><u><\/u><\/p>\n<p class=\"x_MsoNormal\">Nesse dia, em que se comemora o Dia das Bruxas, para animar a mostra, ter\u00e1 show com a banda &#8220;Invaders&#8221;, grupo que vai embalar os presentes ao som do heavy-metal, com apresenta\u00e7\u00e3o a partir das 19h30.<u><\/u><u><\/u><\/p>\n<p class=\"x_MsoNormal\">Programa\u00e7\u00e3o Infantil \u2013 As crian\u00e7as n\u00e3o ficar\u00e3o de fora na programa\u00e7\u00e3o de suspense. Confira:<u><\/u><u><\/u><\/p>\n<p class=\"x_MsoNormal\">30 de outubro \u2013 &#8220;A hist\u00f3ria da cabra: queijo de cabra&#8221;, de Jan Tom\u00e1nek, para crian\u00e7as de 4 anos, a partir das 15 horas. \u00c0s 17 horas, \u00e9 para &#8220;Historietas Assombradas&#8221;, de Victor-Hugo Borges, com faixa et\u00e1ria de 9 anos.<u><\/u><u><\/u><\/p>\n<p class=\"x_MsoNormal\">31 de outubro \u2013 \u00c0s 15 horas, &#8220;Fimfarum: a terceira \u00e9 a melhor&#8221;, de Kristina Dufkova, Vlasta Pospisilova e David Sukup, com classifica\u00e7\u00e3o et\u00e1ria de 11 anos.\u00a0 Com sess\u00e3o \u00e0s 17 h, para crian\u00e7as com 4 anos, ser\u00e1 exibido o Horror Shortcuts.<\/p>\n","protected":false},"excerpt":{"rendered":"<p>No m\u00eas que tamb\u00e9m se comemora o Dia das Bruxas, o Sesc Corumb\u00e1 elencou uma&#8230;<\/p>\n","protected":false},"author":1,"featured_media":0,"comment_status":"closed","ping_status":"closed","sticky":false,"template":"","format":"standard","meta":{"footnotes":""},"categories":[7],"tags":[],"class_list":["post-23790","post","type-post","status-publish","format-standard","hentry","category-cultura"],"_links":{"self":[{"href":"https:\/\/www.corumbaonline.com.br\/news\/wp-json\/wp\/v2\/posts\/23790","targetHints":{"allow":["GET"]}}],"collection":[{"href":"https:\/\/www.corumbaonline.com.br\/news\/wp-json\/wp\/v2\/posts"}],"about":[{"href":"https:\/\/www.corumbaonline.com.br\/news\/wp-json\/wp\/v2\/types\/post"}],"author":[{"embeddable":true,"href":"https:\/\/www.corumbaonline.com.br\/news\/wp-json\/wp\/v2\/users\/1"}],"replies":[{"embeddable":true,"href":"https:\/\/www.corumbaonline.com.br\/news\/wp-json\/wp\/v2\/comments?post=23790"}],"version-history":[{"count":1,"href":"https:\/\/www.corumbaonline.com.br\/news\/wp-json\/wp\/v2\/posts\/23790\/revisions"}],"predecessor-version":[{"id":23791,"href":"https:\/\/www.corumbaonline.com.br\/news\/wp-json\/wp\/v2\/posts\/23790\/revisions\/23791"}],"wp:attachment":[{"href":"https:\/\/www.corumbaonline.com.br\/news\/wp-json\/wp\/v2\/media?parent=23790"}],"wp:term":[{"taxonomy":"category","embeddable":true,"href":"https:\/\/www.corumbaonline.com.br\/news\/wp-json\/wp\/v2\/categories?post=23790"},{"taxonomy":"post_tag","embeddable":true,"href":"https:\/\/www.corumbaonline.com.br\/news\/wp-json\/wp\/v2\/tags?post=23790"}],"curies":[{"name":"wp","href":"https:\/\/api.w.org\/{rel}","templated":true}]}}