{"id":23807,"date":"2018-10-19T09:34:39","date_gmt":"2018-10-19T13:34:39","guid":{"rendered":"http:\/\/www.corumbaonline.com.br\/news\/?p=23807"},"modified":"2018-10-19T09:34:29","modified_gmt":"2018-10-19T13:34:29","slug":"hoje-e-ultimo-dia-para-solicitar-a-isencao-da-taxa-de-inscricao-do-exame-de-selecao-do-ifms","status":"publish","type":"post","link":"https:\/\/www.corumbaonline.com.br\/news\/hoje-e-ultimo-dia-para-solicitar-a-isencao-da-taxa-de-inscricao-do-exame-de-selecao-do-ifms\/","title":{"rendered":"Hoje \u00e9 \u00faltimo dia para solicitar a isen\u00e7\u00e3o da taxa de inscri\u00e7\u00e3o do Exame de Sele\u00e7\u00e3o do IFMS"},"content":{"rendered":"<p>Termina nesta sexta-feira, 19, o prazo que candidatos de escolas p\u00fablicas solicitem ao\u00a0Instituto Federal de Mato Grosso do Sul (IFMS) a\u00a0isen\u00e7\u00e3o da taxa de inscri\u00e7\u00e3o do Exame de Sele\u00e7\u00e3o 2019, processo seletivo para ingresso nos cursos t\u00e9cnicos integrados ao ensino m\u00e9dio da institui\u00e7\u00e3o.<\/p>\n<p>O pedido deve ser feito no ato da inscri\u00e7\u00e3o. Ao acessar a\u00a0<a title=\"P\u00e1gina do Candidato\" href=\"http:\/\/www.ifms.edu.br:9000\/lists\/lt.php?tid=KxkNV11cVgJQA0tTUwJdTlAHAgNOAFwIVBsMVwQFUwABU1cHA10fAwEFVlJRUAFOB1xTA04NWw0AG1pTBwpPAwEEUQNSD1cDUQNQH1ICAwYCUlcDTghaXAYbDFZQBk8JVlZUH1AKVgBWAgNWVAIABw\" target=\"_blank\" rel=\"noopener noreferrer\">P\u00e1gina do Candidato<\/a>\u00a0da Central de Sele\u00e7\u00e3o do IFMS, o candidato deve selecionar o item \u201cIsento\u201d e anexar o documento que comprove escolaridade na rede p\u00fablica.<\/p>\n<p>A previs\u00e3o \u00e9 que o resultado preliminar dos pedidos de isen\u00e7\u00e3o seja divulgado no dia 26 de outubro, com prazo para interposi\u00e7\u00e3o de recursos nos dias 29 e 30.\u00a0A publica\u00e7\u00e3o do resultado definitivo est\u00e1 prevista para 1\u00ba de novembro.<\/p>\n<p>Os candidatos que tiverem o pedido de isen\u00e7\u00e3o da taxa de inscri\u00e7\u00e3o negado dever\u00e3o pagar a\u00a0taxa, que \u00e9 de R$ 25,00, at\u00e9 o dia 8 de novembro.<\/p>\n<p><strong>Inscri\u00e7\u00f5es<\/strong>\u00a0&#8211; Os interessados devem ser inscrever\u00a0no Exame de Sele\u00e7\u00e3o 2019 at\u00e9 5 de novembro, na P\u00e1gina do Candidato da Central de Sele\u00e7\u00e3o do IFMS, onde tamb\u00e9m est\u00e1 publicado o\u00a0<a title=\"edital de abertura do processo seletivo\" href=\"http:\/\/www.ifms.edu.br:9000\/lists\/lt.php?tid=KxlRB1EOW1FWUEtWAVRdTlBQA1JOAAtdAhsPVApVAwRQBlYCVV0fAwEFVlJRUAFOB1xTA04NWw0AG1pTBwpPAwEEUQNSD1cDUQNQH1ICAwYCUlcDTghaXAYbDFZQBk8JVlZUH1AKVgBWAgNWVAIABw\" target=\"_blank\" rel=\"noopener noreferrer\">edital de abertura do processo seletivo<\/a>.<\/p>\n<p>O candidato deve ter conclu\u00eddo o ensino fundamental at\u00e9 a data da matr\u00edcula no IFMS, prevista para janeiro de 2019. Outro requisito \u00e9 ter o Cadastro de Pessoa F\u00edsica (CPF) em seu nome, j\u00e1 que o n\u00famero deve ser informado no ato da inscri\u00e7\u00e3o. Saiba mais sobre os\u00a0<a title=\"documentos necess\u00e1rios para participar do processo seletivo\" href=\"http:\/\/www.ifms.edu.br:9000\/lists\/lt.php?tid=KxlQAlULWlJVUksABFFQTlBSVlFOWAoPAxsMAwBXBwICAQFTXV0fAwEFVlJRUAFOB1xTA04NWw0AG1pTBwpPAwEEUQNSD1cDUQNQH1ICAwYCUlcDTghaXAYbDFZQBk8JVlZUH1AKVgBWAgNWVAIABw\" target=\"_blank\" rel=\"noopener noreferrer\">documentos necess\u00e1rios para participar do processo seletivo<\/a>.<\/p>\n<p>Ao acessar a P\u00e1gina do Candidato para efetuar a inscri\u00e7\u00e3o, o primeiro passo \u00e9 fazer o cadastro no sistema. Quem j\u00e1 \u00e9 cadastrado n\u00e3o precisa preencher os dados novamente.\u00a0Depois, \u00e9 s\u00f3 fazer a inscri\u00e7\u00e3o, escolhendo uma das op\u00e7\u00f5es de campus, curso e turno oferecidos pelo IFMS.<\/p>\n<p>Em caso de d\u00favidas, o candidato pode consultar as\u00a0<a title=\"Orienta\u00e7\u00f5es para Cadastro e Inscri\u00e7\u00e3o\" href=\"http:\/\/www.ifms.edu.br:9000\/lists\/lt.php?tid=KxlUAFdZBwJbWEtWBwJTTlBcC1tOAFlaVBtdVwRRUQIAAANRVl0fAwEFVlJRUAFOB1xTA04NWw0AG1pTBwpPAwEEUQNSD1cDUQNQH1ICAwYCUlcDTghaXAYbDFZQBk8JVlZUH1AKVgBWAgNWVAIABw\" target=\"_blank\" rel=\"noopener noreferrer\">Orienta\u00e7\u00f5es para Cadastro e Inscri\u00e7\u00e3o<\/a>, e ainda conferir\u00a0o\u00a0<a href=\"http:\/\/www.ifms.edu.br:9000\/lists\/lt.php?tid=KxkDBFBZVgcGAksAVQJUTlBVVANOWA4LBBsLUlBWUQEFU1YCB1kfAwEFVlJRUAFOB1xTA04NWw0AG1pTBwpPAwEEUQNSD1cDUQNQH1ICAwYCUlcDTghaXAYbDFZQBk8JVlZUH1AKVgBWAgNWVAIABw\" target=\"_blank\" rel=\"noopener noreferrer\">v\u00eddeo<\/a>\u00a0com o passo a passo de como se inscrever.<\/p>\n<p><strong>A\u00e7\u00e3o Afirmativa (Cotas)<\/strong>\u00a0&#8211;\u00a0Metade das vagas oferecidas \u00e9 reservada a candidatos que cursaram todas as s\u00e9ries do ensino fundamental na rede p\u00fablica. Desse total, h\u00e1 cotas aos que comprovarem renda familiar bruta mensal\u00a0<em>per capita<\/em>\u00a0igual ou inferior a um sal\u00e1rio m\u00ednimo e meio, aos que se autodeclararem pretos, pardos e ind\u00edgenas, e a pessoas com defici\u00eancia.<\/p>\n<p>A op\u00e7\u00e3o de benefici\u00e1rio de a\u00e7\u00e3o afirmativa (cotista) dever\u00e1 ser informada no ato da inscri\u00e7\u00e3o. Para mais informa\u00e7\u00f5es sobre o assunto, o candidato interessado dever\u00e1 ler atentamente ao item 2 do edital.<\/p>\n<p>No anexo II do edital est\u00e1 disponibilizada a\u00a0<a title=\"tabela completa de vagas\" href=\"http:\/\/www.ifms.edu.br:9000\/lists\/lt.php?tid=KxkBBVQBUQdbVksBVQcETlADBQFOWFwABRsPXgdWAwdQBwdRAF0fAwEFVlJRUAFOB1xTA04NWw0AG1pTBwpPAwEEUQNSD1cDUQNQH1ICAwYCUlcDTghaXAYbDFZQBk8JVlZUH1AKVgBWAgNWVAIABw\" target=\"_blank\" rel=\"noopener noreferrer\">tabela completa das vagas<\/a>, com as divis\u00f5es para candidatos de ampla concorr\u00eancia e das a\u00e7\u00f5es afirmativas.<\/p>\n<p><strong>Prova\u00a0<\/strong>&#8211; Ser\u00e1 aplicada no dia 25 de novembro, nos dez munic\u00edpios onde o IFMS tem campus.<\/p>\n<p>Os candidatos dever\u00e3o responder 50 quest\u00f5es de m\u00faltipla escolha, sendo 20 de l\u00edngua portuguesa, 20 de matem\u00e1tica e 10 de conhecimentos gerais, conforme\u00a0<a title=\"conte\u00fado program\u00e1tico\" href=\"http:\/\/www.ifms.edu.br:9000\/lists\/lt.php?tid=KxkABgcNAlNbB0tTVVJWTlBVBVVOWw0KUBsBUwsEVFRQUgYCUwwfAwEFVlJRUAFOB1xTA04NWw0AG1pTBwpPAwEEUQNSD1cDUQNQH1ICAwYCUlcDTghaXAYbDFZQBk8JVlZUH1AKVgBWAgNWVAIABw\" target=\"_blank\" rel=\"noopener noreferrer\">conte\u00fado program\u00e1tico<\/a>\u00a0disponibilizado.<\/p>\n<p>O gabarito dever\u00e1 ser divulgado no dia seguinte. A previs\u00e3o \u00e9 que resultado final e a primeira chamada sejam publicados no dia 19 de dezembro.<\/p>\n<p><strong>Exame de Sele\u00e7\u00e3o 2019<\/strong>\u00a0&#8211; O IFMS oferta 1.350 vagas em cursos t\u00e9cnicos integrados ao ensino m\u00e9dio nos munic\u00edpios de Aquidauana, Campo Grande, Corumb\u00e1, Coxim, Dourados, Jardim, Navira\u00ed, Nova Andradina, Ponta Por\u00e3 e Tr\u00eas Lagoas. Nesse tipo de curso, o estudante cursa o ensino m\u00e9dio e a forma\u00e7\u00e3o t\u00e9cnica ao mesmo tempo.<\/p>\n<p>Os interessados podem optar entre nove op\u00e7\u00f5es gratuitas de cursos: Agricultura, Agropecu\u00e1ria, Alimentos, Edifica\u00e7\u00f5es, Eletrot\u00e9cnica, Inform\u00e1tica, Inform\u00e1tica para Internet, Mec\u00e2nica e Metalurgia.<\/p>\n<p>Todas as informa\u00e7\u00f5es sobre o processo seletivo est\u00e3o dispon\u00edveis na\u00a0<a title=\"p\u00e1gina do Exame\" href=\"http:\/\/www.ifms.edu.br:9000\/lists\/lt.php?tid=KxlXC1RbAQVSWEtbBlkHTlAEBVBOWwlcBBtZUVZRAAQBUwZRVwofAwEFVlJRUAFOB1xTA04NWw0AG1pTBwpPAwEEUQNSD1cDUQNQH1ICAwYCUlcDTghaXAYbDFZQBk8JVlZUH1AKVgBWAgNWVAIABw\" target=\"_blank\" rel=\"noopener noreferrer\">p\u00e1gina do Exame.<\/a>\u00a0Em caso de d\u00favidas, o contato com a Comiss\u00e3o do Exame de Sele\u00e7\u00e3o 2019 deve ser feito pelo e-mail\u00a0<a title=\"processoseletivo@ifms.edu.br\" href=\"mailto:processoseletivo@ifms.edu.br\">processoseletivo@ifms.edu.br<\/a>.<\/p>\n<p><strong>Quadro de Vagas<\/strong><\/p>\n<table border=\"1\" width=\"90%\" cellspacing=\"0\" cellpadding=\"0\">\n<tbody>\n<tr>\n<td><strong>Munic\u00edpio<\/strong><\/td>\n<td><strong>Curso<\/strong><\/td>\n<td><strong>Turno<\/strong><\/td>\n<td><strong>Vagas<\/strong><\/td>\n<\/tr>\n<tr>\n<td rowspan=\"4\">Aquidauana<\/td>\n<td rowspan=\"2\">Edifica\u00e7\u00f5es<\/td>\n<td>Matutino<\/td>\n<td>40<\/td>\n<\/tr>\n<tr>\n<td>Vespertino<\/td>\n<td>40<\/td>\n<\/tr>\n<tr>\n<td rowspan=\"2\">Inform\u00e1tica<\/td>\n<td>Matutino<\/td>\n<td>40<\/td>\n<\/tr>\n<tr>\n<td>Vespertino<\/td>\n<td>40<\/td>\n<\/tr>\n<tr>\n<td rowspan=\"3\">Campo Grande<\/td>\n<td>Eletrot\u00e9cnica<\/td>\n<td>Matutino<\/td>\n<td>40<\/td>\n<\/tr>\n<tr>\n<td>Inform\u00e1tica<\/td>\n<td>Vespertino<\/td>\n<td>40<\/td>\n<\/tr>\n<tr>\n<td>Mec\u00e2nica<\/td>\n<td>Vespertino<\/td>\n<td>40<\/td>\n<\/tr>\n<tr>\n<td rowspan=\"2\">Corumb\u00e1<\/td>\n<td>Inform\u00e1tica<\/td>\n<td>Matutino<\/td>\n<td>40<\/td>\n<\/tr>\n<tr>\n<td>Metalurgia<\/td>\n<td>Vespertino<\/td>\n<td>40<\/td>\n<\/tr>\n<tr>\n<td rowspan=\"2\">Coxim<\/td>\n<td>Alimentos<\/td>\n<td>Matutino<\/td>\n<td>80<\/td>\n<\/tr>\n<tr>\n<td>Inform\u00e1tica<\/td>\n<td>Matutino<\/td>\n<td>80<\/td>\n<\/tr>\n<tr>\n<td rowspan=\"2\">Dourados<\/td>\n<td rowspan=\"2\">Inform\u00e1tica para Internet<\/td>\n<td>Matutino\u00b9<\/td>\n<td>80<\/td>\n<\/tr>\n<tr>\n<td>Vespertino\u00b2<\/td>\n<td>40<\/td>\n<\/tr>\n<tr>\n<td rowspan=\"2\">Jardim<\/td>\n<td>Edifica\u00e7\u00f5es<\/td>\n<td>Matutino\u00b9<\/td>\n<td>35<\/td>\n<\/tr>\n<tr>\n<td>Inform\u00e1tica<\/td>\n<td>Matutino\u00b9<\/td>\n<td>35<\/td>\n<\/tr>\n<tr>\n<td rowspan=\"4\">Navira\u00ed<\/td>\n<td rowspan=\"2\">Agricultura<\/td>\n<td>Matutino\u00b9<\/td>\n<td>40<\/td>\n<\/tr>\n<tr>\n<td>Vespertino\u00b2<\/td>\n<td>40<\/td>\n<\/tr>\n<tr>\n<td rowspan=\"2\">Inform\u00e1tica para Internet<\/td>\n<td>Matutino\u00b9<\/td>\n<td>40<\/td>\n<\/tr>\n<tr>\n<td>Vespertino\u00b2<\/td>\n<td>40<\/td>\n<\/tr>\n<tr>\n<td rowspan=\"2\">Nova Andradina<\/td>\n<td>Agropecu\u00e1ria<\/td>\n<td>Matutino e Vespertino<\/td>\n<td>80<\/td>\n<\/tr>\n<tr>\n<td>Inform\u00e1tica<\/td>\n<td>Vespertino<\/td>\n<td>80<\/td>\n<\/tr>\n<tr>\n<td rowspan=\"4\">Ponta Por\u00e3<\/td>\n<td rowspan=\"2\">Agricultura<\/td>\n<td>Matutino<\/td>\n<td>40<\/td>\n<\/tr>\n<tr>\n<td>Vespertino<\/td>\n<td>40<\/td>\n<\/tr>\n<tr>\n<td rowspan=\"2\">Inform\u00e1tica<\/td>\n<td>Matutino<\/td>\n<td>40<\/td>\n<\/tr>\n<tr>\n<td>Vespertino<\/td>\n<td>40<\/td>\n<\/tr>\n<tr>\n<td rowspan=\"2\">Tr\u00eas Lagoas<\/td>\n<td>Eletrot\u00e9cnica<\/td>\n<td>Matutino<\/td>\n<td>80<\/td>\n<\/tr>\n<tr>\n<td>Inform\u00e1tica<\/td>\n<td>Vespertino<\/td>\n<td>80<\/td>\n<\/tr>\n<\/tbody>\n<\/table>\n","protected":false},"excerpt":{"rendered":"<p>Termina nesta sexta-feira, 19, o prazo que candidatos de escolas p\u00fablicas solicitem ao\u00a0Instituto Federal de&#8230;<\/p>\n","protected":false},"author":1,"featured_media":0,"comment_status":"closed","ping_status":"closed","sticky":false,"template":"","format":"standard","meta":{"footnotes":""},"categories":[10],"tags":[],"class_list":["post-23807","post","type-post","status-publish","format-standard","hentry","category-educacao"],"_links":{"self":[{"href":"https:\/\/www.corumbaonline.com.br\/news\/wp-json\/wp\/v2\/posts\/23807","targetHints":{"allow":["GET"]}}],"collection":[{"href":"https:\/\/www.corumbaonline.com.br\/news\/wp-json\/wp\/v2\/posts"}],"about":[{"href":"https:\/\/www.corumbaonline.com.br\/news\/wp-json\/wp\/v2\/types\/post"}],"author":[{"embeddable":true,"href":"https:\/\/www.corumbaonline.com.br\/news\/wp-json\/wp\/v2\/users\/1"}],"replies":[{"embeddable":true,"href":"https:\/\/www.corumbaonline.com.br\/news\/wp-json\/wp\/v2\/comments?post=23807"}],"version-history":[{"count":1,"href":"https:\/\/www.corumbaonline.com.br\/news\/wp-json\/wp\/v2\/posts\/23807\/revisions"}],"predecessor-version":[{"id":23808,"href":"https:\/\/www.corumbaonline.com.br\/news\/wp-json\/wp\/v2\/posts\/23807\/revisions\/23808"}],"wp:attachment":[{"href":"https:\/\/www.corumbaonline.com.br\/news\/wp-json\/wp\/v2\/media?parent=23807"}],"wp:term":[{"taxonomy":"category","embeddable":true,"href":"https:\/\/www.corumbaonline.com.br\/news\/wp-json\/wp\/v2\/categories?post=23807"},{"taxonomy":"post_tag","embeddable":true,"href":"https:\/\/www.corumbaonline.com.br\/news\/wp-json\/wp\/v2\/tags?post=23807"}],"curies":[{"name":"wp","href":"https:\/\/api.w.org\/{rel}","templated":true}]}}