{"id":23809,"date":"2018-10-19T09:46:32","date_gmt":"2018-10-19T13:46:32","guid":{"rendered":"http:\/\/www.corumbaonline.com.br\/news\/?p=23809"},"modified":"2018-10-19T10:58:16","modified_gmt":"2018-10-19T14:58:16","slug":"corumba-leva-saude-e-assistencia-social-para-moradores-do-passo-do-lontra","status":"publish","type":"post","link":"https:\/\/www.corumbaonline.com.br\/news\/corumba-leva-saude-e-assistencia-social-para-moradores-do-passo-do-lontra\/","title":{"rendered":"Corumb\u00e1 leva sa\u00fade e assist\u00eancia social para moradores do Passo do Lontra"},"content":{"rendered":"<p>A\u00e7\u00e3o de apoio aos moradores da regi\u00e3o do Passo do Lontra foi realizada pela Prefeitura de Corumb\u00e1 na ter\u00e7a-feira, 16 de outubro. Equipes das Secretarias Municipais de Assist\u00eancia Social e de Sa\u00fade levaram diversas atividades e servi\u00e7os, como o atendimento m\u00e9dico e odontol\u00f3gico, imuniza\u00e7\u00e3o, al\u00e9m de realizar o Cadastro \u00danico, que \u00e9 fonte de informa\u00e7\u00f5es para programas sociais como o Bolsa Fam\u00edlia e tamb\u00e9m a vacina\u00e7\u00e3o de animais dom\u00e9sticos.<\/p>\n<p>&nbsp;<\/p>\n<p>A a\u00e7\u00e3o \u00e9 realizada a cada 15 dias e conta com profissionais capacitados para atender e ouvir a popula\u00e7\u00e3o das regi\u00f5es mais afastadas, formada por aproximadamente 14 pessoas a equipe conta com m\u00e9dica, dentista, psic\u00f3loga e assistente social. Al\u00e9m do atendimento especifico, as a\u00e7\u00f5es visam o contato constante com a popula\u00e7\u00e3o da regi\u00e3o, procura ouvir os pedidos dos moradores buscando melhor atender as necessidades locais.<\/p>\n<p>&nbsp;<\/p>\n<p>Segundo o morador, Rog\u00e9rio Iehle Walter, o atendimento m\u00e9dico \u00e9 importante, assim como ter a oportunidade de expor os problemas da regi\u00e3o para realiza\u00e7\u00e3o de a\u00e7\u00f5es que possam melhorar a vida da popula\u00e7\u00e3o.<\/p>\n<p>&nbsp;<\/p>\n<p>\u201cAs a\u00e7\u00f5es aqui s\u00e3o muito boas, tanto na parte m\u00e9dica como na parte de assist\u00eancia social. N\u00f3s precis\u00e1vamos capacitar os moradores locais com a carteira de piloteiro e pedimos para o pessoal da Assist\u00eancia, que em parceria com a Marinha conseguiu trazer para gente e foi muito proveitoso. Palestras, a escola para as crian\u00e7as, o caminh\u00e3o de lixo foi outra coisa que pedimos e o CRAS nos atendeu, isso \u00e9 muito importante\u201d, finalizou o morador da regi\u00e3o.<\/p>\n","protected":false},"excerpt":{"rendered":"<p>A\u00e7\u00e3o de apoio aos moradores da regi\u00e3o do Passo do Lontra foi realizada pela Prefeitura&#8230;<\/p>\n","protected":false},"author":1,"featured_media":0,"comment_status":"closed","ping_status":"closed","sticky":false,"template":"","format":"standard","meta":{"footnotes":""},"categories":[14],"tags":[],"class_list":["post-23809","post","type-post","status-publish","format-standard","hentry","category-geral"],"_links":{"self":[{"href":"https:\/\/www.corumbaonline.com.br\/news\/wp-json\/wp\/v2\/posts\/23809","targetHints":{"allow":["GET"]}}],"collection":[{"href":"https:\/\/www.corumbaonline.com.br\/news\/wp-json\/wp\/v2\/posts"}],"about":[{"href":"https:\/\/www.corumbaonline.com.br\/news\/wp-json\/wp\/v2\/types\/post"}],"author":[{"embeddable":true,"href":"https:\/\/www.corumbaonline.com.br\/news\/wp-json\/wp\/v2\/users\/1"}],"replies":[{"embeddable":true,"href":"https:\/\/www.corumbaonline.com.br\/news\/wp-json\/wp\/v2\/comments?post=23809"}],"version-history":[{"count":1,"href":"https:\/\/www.corumbaonline.com.br\/news\/wp-json\/wp\/v2\/posts\/23809\/revisions"}],"predecessor-version":[{"id":23811,"href":"https:\/\/www.corumbaonline.com.br\/news\/wp-json\/wp\/v2\/posts\/23809\/revisions\/23811"}],"wp:attachment":[{"href":"https:\/\/www.corumbaonline.com.br\/news\/wp-json\/wp\/v2\/media?parent=23809"}],"wp:term":[{"taxonomy":"category","embeddable":true,"href":"https:\/\/www.corumbaonline.com.br\/news\/wp-json\/wp\/v2\/categories?post=23809"},{"taxonomy":"post_tag","embeddable":true,"href":"https:\/\/www.corumbaonline.com.br\/news\/wp-json\/wp\/v2\/tags?post=23809"}],"curies":[{"name":"wp","href":"https:\/\/api.w.org\/{rel}","templated":true}]}}