{"id":23812,"date":"2018-10-19T09:53:45","date_gmt":"2018-10-19T13:53:45","guid":{"rendered":"http:\/\/www.corumbaonline.com.br\/news\/?p=23812"},"modified":"2018-10-19T11:01:25","modified_gmt":"2018-10-19T15:01:25","slug":"bolsonaro-nao-vai-participar-de-debates-com-haddad","status":"publish","type":"post","link":"https:\/\/www.corumbaonline.com.br\/news\/bolsonaro-nao-vai-participar-de-debates-com-haddad\/","title":{"rendered":"Bolsonaro n\u00e3o vai participar de debates com Haddad"},"content":{"rendered":"<p>O candidato do PSL a presidente da Rep\u00fablica, Jair Bolsonaro, l\u00edder das pesquisas de inten\u00e7\u00e3o de votos, n\u00e3o vai participar de debates com o petista Fernando Haddad, seu advers\u00e1rio no segundo turno. O an\u00fancio foi feito pelo presidente nacional do PSL, Gustavo Bebiano, durante entrevista coletiva ontem (18).<\/p>\n<p>Segundo Bebiano, o candidato do PSL n\u00e3o tem obriga\u00e7\u00e3o de comparecer aos debates promovidos por emissora de televis\u00e3o. &#8220;N\u00e3o vai se submeter a uma situa\u00e7\u00e3o de alto estresse sem nenhum motivo, porque quem discute com poste \u00e9 b\u00eabado\u201d, afirmou. Al\u00e9m disso, o presidente do PSL argumentou que a colostomia pode causar desconforto ao candidato.<\/p>\n<p>O m\u00e9dico Ant\u00f4nio Luiz Mac\u00eado,\u00a0chefe da equipe que operou Bolsonaro, no Hospital Albert Einstein, em S\u00e3o Paulo,<a href=\"http:\/\/agenciabrasil.ebc.com.br\/politica\/noticia\/2018-10\/bolsonaro-pode-participar-de-debate-rapido-diz-medico\" target=\"_blank\" rel=\"noopener noreferrer\">\u00a0liberou o candidato para os debates<\/a>. \u00c0\u00a0<strong>Ag\u00eancia Brasil<\/strong>, o m\u00e9dico disse que Bolsonaro poderia participar das discuss\u00f5es, desde que durassem,\u00a0no m\u00e1ximo, 30 minutos, e ele ficasse confort\u00e1vel, de prefer\u00eancia em uma poltrona.<\/p>\n<p>Desde que foi agredido, em setembro, Bolsonaro n\u00e3o participou de debates, mas concedeu entrevistas a emissoras de r\u00e1dio e televis\u00e3o. Antes do primeiro turno, quando fazia campanha em Juiz de Fora (MG), o candidato foi esfaqueado. Por conta da agress\u00e3o, ficou tr\u00eas semanas internado, inicialmente na Santa Casa de Juiz de Fora e depois no\u00a0Einstein.<\/p>\n","protected":false},"excerpt":{"rendered":"<p>O candidato do PSL a presidente da Rep\u00fablica, Jair Bolsonaro, l\u00edder das pesquisas de inten\u00e7\u00e3o&#8230;<\/p>\n","protected":false},"author":1,"featured_media":0,"comment_status":"closed","ping_status":"closed","sticky":false,"template":"","format":"standard","meta":{"footnotes":""},"categories":[19],"tags":[],"class_list":["post-23812","post","type-post","status-publish","format-standard","hentry","category-politica"],"_links":{"self":[{"href":"https:\/\/www.corumbaonline.com.br\/news\/wp-json\/wp\/v2\/posts\/23812","targetHints":{"allow":["GET"]}}],"collection":[{"href":"https:\/\/www.corumbaonline.com.br\/news\/wp-json\/wp\/v2\/posts"}],"about":[{"href":"https:\/\/www.corumbaonline.com.br\/news\/wp-json\/wp\/v2\/types\/post"}],"author":[{"embeddable":true,"href":"https:\/\/www.corumbaonline.com.br\/news\/wp-json\/wp\/v2\/users\/1"}],"replies":[{"embeddable":true,"href":"https:\/\/www.corumbaonline.com.br\/news\/wp-json\/wp\/v2\/comments?post=23812"}],"version-history":[{"count":1,"href":"https:\/\/www.corumbaonline.com.br\/news\/wp-json\/wp\/v2\/posts\/23812\/revisions"}],"predecessor-version":[{"id":23813,"href":"https:\/\/www.corumbaonline.com.br\/news\/wp-json\/wp\/v2\/posts\/23812\/revisions\/23813"}],"wp:attachment":[{"href":"https:\/\/www.corumbaonline.com.br\/news\/wp-json\/wp\/v2\/media?parent=23812"}],"wp:term":[{"taxonomy":"category","embeddable":true,"href":"https:\/\/www.corumbaonline.com.br\/news\/wp-json\/wp\/v2\/categories?post=23812"},{"taxonomy":"post_tag","embeddable":true,"href":"https:\/\/www.corumbaonline.com.br\/news\/wp-json\/wp\/v2\/tags?post=23812"}],"curies":[{"name":"wp","href":"https:\/\/api.w.org\/{rel}","templated":true}]}}