{"id":23814,"date":"2018-10-19T10:02:01","date_gmt":"2018-10-19T14:02:01","guid":{"rendered":"http:\/\/www.corumbaonline.com.br\/news\/?p=23814"},"modified":"2018-10-19T12:00:13","modified_gmt":"2018-10-19T16:00:13","slug":"mp-denuncia-homem-que-matou-mestre-de-capoeira-apos-discussao-politica","status":"publish","type":"post","link":"https:\/\/www.corumbaonline.com.br\/news\/mp-denuncia-homem-que-matou-mestre-de-capoeira-apos-discussao-politica\/","title":{"rendered":"MP denuncia homem que matou mestre de capoeira ap\u00f3s discuss\u00e3o pol\u00edtica"},"content":{"rendered":"<p>O Minist\u00e9rio P\u00fablico da Bahia denunciou o\u00a0barbeiro Paulo S\u00e9rgio Ferreira de Santana pelo assassinato\u00a0do mestre de capoeira Romualdo Ros\u00e1rio da Costa, conhecido como Moa do Katend\u00ea, no dia 8 de outubro.<\/p>\n<p>O promotor de Justi\u00e7a Davi Gallo disse que Paulo S\u00e9rgio cometeu &#8220;crime de homic\u00eddio por motivo f\u00fatil e sem possibilitar qualquer defesa \u00e0 v\u00edtima, que j\u00e1 tinha mais de 60 anos&#8221;. O barbeiro foi\u00a0denunciado ainda por tentativa de homic\u00eddio de Germino do Amor Divino Pereira, que tamb\u00e9m estava com o capoeirista no bar, onde o crime ocorreu.<\/p>\n<p>De acordo com a den\u00fancia, Paulo S\u00e9rgio atingiu Romualdo da Costa com 13 facadas depois de uma discuss\u00e3o sobre a disputa eleitoral para Presid\u00eancia.\u00a0Segundo reportagens da imprensa local, Moa do Katend\u00ea discordou da posi\u00e7\u00e3o pol\u00edtica de Paulo S\u00e9rgio, que se declarou eleitor de Jair Bolsonaro (PSL), e foi agredido depois de ter dito que votou no\u00a0PT no primeiro turno das elei\u00e7\u00f5es.<\/p>\n<p>No inqu\u00e9rito do MP, o promotor relata que o barbeiro e Moa do Katend\u00ea discutiram em voz alta e \u201cagrediram-se mutuamente de forma verbal\u201d. Em seguida, Paulo S\u00e9rgio saiu do bar e foi at\u00e9 sua casa, onde pegou uma faca e retornou ao bar para agredir Moa do Katend\u00ea. Durante o ataque, Germino Pereira foi atingido por uma \u201cprofunda facada\u201d no bra\u00e7o direito, quando tentou defender a v\u00edtima.<\/p>\n<p>A Anistia Internacional divulgou, ontem (18), um comunicado alertando para os\u00a0<a href=\"http:\/\/agenciabrasil.ebc.com.br\/politica\/noticia\/2018-10\/anistia-cobra-investigacao-celere-dos-casos-de-violencia-nas-eleicoes\" target=\"_blank\" rel=\"noopener noreferrer\">casos de viol\u00eancia<\/a>\u00a0no contexto eleitoral e pedindo que sejam investigados sob a possibilidade de serem crimes de \u00f3dio, e cita o caso de Moa do Katend\u00ea.<\/p>\n<p>O Conselho Nacional dos Direitos Humanos (CNDH) tamb\u00e9m em nota<a href=\"http:\/\/agenciabrasil.ebc.com.br\/politica\/noticia\/2018-10\/cndh-repudia-violencia-nas-eleicoes-e-cobra-providencias-do-judiciario\" target=\"_blank\" rel=\"noopener noreferrer\">\u00a0repudiou<\/a>\u00a0a viol\u00eancia nas elei\u00e7\u00f5es deste ano. O \u00f3rg\u00e3o aut\u00f4nomo manifestou \u201cextrema preocupa\u00e7\u00e3o diante do clima nacional\u201d e cobrou provid\u00eancias das institui\u00e7\u00f5es do sistema de Justi\u00e7a do pa\u00eds.<\/p>\n","protected":false},"excerpt":{"rendered":"<p>O Minist\u00e9rio P\u00fablico da Bahia denunciou o\u00a0barbeiro Paulo S\u00e9rgio Ferreira de Santana pelo assassinato\u00a0do mestre&#8230;<\/p>\n","protected":false},"author":1,"featured_media":0,"comment_status":"closed","ping_status":"closed","sticky":false,"template":"","format":"standard","meta":{"footnotes":""},"categories":[101,19],"tags":[],"class_list":["post-23814","post","type-post","status-publish","format-standard","hentry","category-eleicoes","category-politica"],"_links":{"self":[{"href":"https:\/\/www.corumbaonline.com.br\/news\/wp-json\/wp\/v2\/posts\/23814","targetHints":{"allow":["GET"]}}],"collection":[{"href":"https:\/\/www.corumbaonline.com.br\/news\/wp-json\/wp\/v2\/posts"}],"about":[{"href":"https:\/\/www.corumbaonline.com.br\/news\/wp-json\/wp\/v2\/types\/post"}],"author":[{"embeddable":true,"href":"https:\/\/www.corumbaonline.com.br\/news\/wp-json\/wp\/v2\/users\/1"}],"replies":[{"embeddable":true,"href":"https:\/\/www.corumbaonline.com.br\/news\/wp-json\/wp\/v2\/comments?post=23814"}],"version-history":[{"count":1,"href":"https:\/\/www.corumbaonline.com.br\/news\/wp-json\/wp\/v2\/posts\/23814\/revisions"}],"predecessor-version":[{"id":23815,"href":"https:\/\/www.corumbaonline.com.br\/news\/wp-json\/wp\/v2\/posts\/23814\/revisions\/23815"}],"wp:attachment":[{"href":"https:\/\/www.corumbaonline.com.br\/news\/wp-json\/wp\/v2\/media?parent=23814"}],"wp:term":[{"taxonomy":"category","embeddable":true,"href":"https:\/\/www.corumbaonline.com.br\/news\/wp-json\/wp\/v2\/categories?post=23814"},{"taxonomy":"post_tag","embeddable":true,"href":"https:\/\/www.corumbaonline.com.br\/news\/wp-json\/wp\/v2\/tags?post=23814"}],"curies":[{"name":"wp","href":"https:\/\/api.w.org\/{rel}","templated":true}]}}