{"id":23825,"date":"2018-10-19T11:01:46","date_gmt":"2018-10-19T15:01:46","guid":{"rendered":"http:\/\/www.corumbaonline.com.br\/news\/?p=23825"},"modified":"2018-10-19T12:28:59","modified_gmt":"2018-10-19T16:28:59","slug":"por-temer-por-sua-seguranca-bolsonaro-justifica-ausencia-em-debate","status":"publish","type":"post","link":"https:\/\/www.corumbaonline.com.br\/news\/por-temer-por-sua-seguranca-bolsonaro-justifica-ausencia-em-debate\/","title":{"rendered":"Por temer por sua seguran\u00e7a, Bolsonaro justifica aus\u00eancia em debate"},"content":{"rendered":"<p>O candidato do PSL \u00e0 Presid\u00eancia da Rep\u00fablica, Jair Bolsonaro, afirmou ontem (18), durante uma transmiss\u00e3o ao vivo nas redes sociais (live) que teme por sua seguran\u00e7a, da\u00ed a decis\u00e3o de n\u00e3o participar de debates e evitar aglomera\u00e7\u00f5es. Ele se comparou com o juiz Sergio Moro porque ambos n\u00e3o t\u00eam liberdade para sair \u00e0s ruas.<\/p>\n<p>Como exemplo, o candidato mencionou o fato de ter sido examinado por uma junta m\u00e9dica no Rio e n\u00e3o ter viajado para S\u00e3o Paulo onde fica o Hospital Albert Einstein. \u00a0\u201cFui aconselhado a n\u00e3o ir porque ao pousar em S\u00e3o Paulo eu teria de fazer um deslocamento e poderia sofrer um atentado e isso seria ideal para esses que est\u00e3o a\u00ed [os meus advers\u00e1rios]\u201d.<\/p>\n<p>No momento em que os presidenci\u00e1veis trocam acusa\u00e7\u00f5es sobre\u00a0<a href=\"http:\/\/agenciabrasil.ebc.com.br\/justica\/noticia\/2018-10\/mpe-vai-apurar-suspeita-de-doacoes-ilegais-campanha-de-bolsonaro\" target=\"_blank\" rel=\"noopener noreferrer\">dissemina\u00e7\u00e3o de\u00a0<em>fake news<\/em><\/a>, Bolsonaro negou que empres\u00e1rios que o apoiam financiem a divulga\u00e7\u00e3o de not\u00edcias falsas anti-PT via aplicativo.<\/p>\n<p>\u201cN\u00f3s n\u00e3o precisamos de fazer\u00a0<em>fake news\u00a0<\/em>para combater o Haddad. Essa hist\u00f3ria de levar ind\u00edcios \u00e0 Justi\u00e7a. Eles n\u00e3o t\u00eam prova de nada\u201d, disse o candidato. Advogados de Bolsonaro prometem notificar empresas e processar o advers\u00e1rio petista, Fernando Haddad. Em contrapartida, o\u00a0<a href=\"http:\/\/agenciabrasil.ebc.com.br\/politica\/noticia\/2018-10\/partidos-pedem-investigacao-de-irregularidade-na-campanha-de-bolsonaro\" target=\"_blank\" rel=\"noopener noreferrer\">PT ingressou nesta quinta-feira<\/a>\u00a0com uma a\u00e7\u00e3o em raz\u00e3o da suspeita do envio em massa de mensagens falsas.<\/p>\n<h2>Marcas<\/h2>\n<p>Vestindo uma camisa verde e amarela com as cores do Brasil, Bolsonaro fez a\u00a0<em>live\u00a0<\/em>ao lado do filho, Eduardo, eleito por S\u00e3o Paulo para a C\u00e2mara Federal. Ele mostrou, pela primeira vez, os 35 pontos que levou no abd\u00f4men e a bolsa de colostomia, colocada do lado direito do corpo \u2013 ela est\u00e1 ligada ao intestino grosso e \u00e9 usada para elimina\u00e7\u00e3o das fezes.<\/p>\n<p>\u201cO pessoal [do Haddad] quer que eu v\u00e1 a debate. Eu posso ter um problema com a bolsa de colostomia. Posso ter que voltar ao hospital. Eu n\u00e3o vou debater com um poste porque o Haddad vai falar de minist\u00e9rio, mas quem vai botar as pessoas l\u00e1 \u00e9 o Lula. Segundo a Constitui\u00e7\u00e3o, se eu morrer assassinado por uma facada, por um tiro de um\u00a0<em>sniper\u00a0<\/em>[atirador de elite], o que vai acontecer \u00e9 o terceiro colocado vir a disputar a elei\u00e7\u00e3o. Ent\u00e3o teremos o segundo turno entre Haddad e Ciro.\u201d<\/p>\n<div class=\"dnd-widget-wrapper context-cheio_8colunas type-image\">\n<div class=\"dnd-atom-rendered\">\n<figure class=\"mejs-fotoh-wrapper\">\n<p><figure style=\"width: 754px\" class=\"wp-caption alignnone\"><img loading=\"lazy\" decoding=\"async\" class=\"img-responsive full full\" title=\"T\u00e2nia R\u00eago\/Ag\u00eancia Brasil\/Ag\u00eancia Brasil\" src=\"http:\/\/imagens.ebc.com.br\/IPOBGKb0UUsJXfb0aAFg7ovAXCQ=\/754x0\/smart\/http:\/\/agenciabrasil.ebc.com.br\/sites\/default\/files\/thumbnails\/image\/tnrgo_abr_1710186330.jpg?itok=cF5CYErx\" alt=\"O candidato do PSL \u00e0 Presid\u00eancia da Rep\u00fablica, Jair Bolsonaro, visita a sede da Superintend\u00eancia da Pol\u00edcia Federal, no centro do Rio.\" width=\"754\" height=\"503\" \/><figcaption class=\"wp-caption-text\">O candidato do PSL \u00e0 Presid\u00eancia da Rep\u00fablica, Jair Bolsonaro, visita a sede da Superintend\u00eancia da Pol\u00edcia Federal, no centro do Rio (T\u00e2nia R\u00eago\/Ag\u00eancia Brasil)<\/figcaption><\/figure><\/figure>\n<\/div>\n<\/div>\n<h2>Liberdade<\/h2>\n<p>Bolsonaro disse, ainda, que a vida pessoal dele n\u00e3o pertence mais a ele e que n\u00e3o pode mais frequentar lugares como bares, praia e o com\u00e9rcio, frequentado por pessoas comuns. \u201cEu n\u00e3o perten\u00e7o mais a mim mesmo. Hoje em dia eu e o Sergio Moro [juiz federal respons\u00e1vel pela Opera\u00e7\u00e3o Lava Jato] n\u00e3o temos mais liberdade no Brasil. N\u00f3s n\u00e3o podemos ir a uma padaria comprar um p\u00e3o, ir \u00e0 praia com nossos filhos, perdemos completamente a liberdade. \u00c9 um jogo de poder. A esquerda far\u00e1 tudo para me tirar de combate\u201d, disse.<\/p>\n<p>Em seguida, o candidato disse que n\u00e3o est\u00e1 acusando a esquerda de ter planejado a tentativa de homic\u00eddio contra ele. Mas relembrou que seu agressor Ad\u00e9lio Bispo de Oliveira foi vinculado ao PSOL at\u00e9 2014.<\/p>\n","protected":false},"excerpt":{"rendered":"<p>O candidato do PSL \u00e0 Presid\u00eancia da Rep\u00fablica, Jair Bolsonaro, afirmou ontem (18), durante uma&#8230;<\/p>\n","protected":false},"author":1,"featured_media":0,"comment_status":"closed","ping_status":"closed","sticky":false,"template":"","format":"standard","meta":{"footnotes":""},"categories":[101,19],"tags":[],"class_list":["post-23825","post","type-post","status-publish","format-standard","hentry","category-eleicoes","category-politica"],"_links":{"self":[{"href":"https:\/\/www.corumbaonline.com.br\/news\/wp-json\/wp\/v2\/posts\/23825","targetHints":{"allow":["GET"]}}],"collection":[{"href":"https:\/\/www.corumbaonline.com.br\/news\/wp-json\/wp\/v2\/posts"}],"about":[{"href":"https:\/\/www.corumbaonline.com.br\/news\/wp-json\/wp\/v2\/types\/post"}],"author":[{"embeddable":true,"href":"https:\/\/www.corumbaonline.com.br\/news\/wp-json\/wp\/v2\/users\/1"}],"replies":[{"embeddable":true,"href":"https:\/\/www.corumbaonline.com.br\/news\/wp-json\/wp\/v2\/comments?post=23825"}],"version-history":[{"count":1,"href":"https:\/\/www.corumbaonline.com.br\/news\/wp-json\/wp\/v2\/posts\/23825\/revisions"}],"predecessor-version":[{"id":23826,"href":"https:\/\/www.corumbaonline.com.br\/news\/wp-json\/wp\/v2\/posts\/23825\/revisions\/23826"}],"wp:attachment":[{"href":"https:\/\/www.corumbaonline.com.br\/news\/wp-json\/wp\/v2\/media?parent=23825"}],"wp:term":[{"taxonomy":"category","embeddable":true,"href":"https:\/\/www.corumbaonline.com.br\/news\/wp-json\/wp\/v2\/categories?post=23825"},{"taxonomy":"post_tag","embeddable":true,"href":"https:\/\/www.corumbaonline.com.br\/news\/wp-json\/wp\/v2\/tags?post=23825"}],"curies":[{"name":"wp","href":"https:\/\/api.w.org\/{rel}","templated":true}]}}