{"id":23839,"date":"2018-10-20T10:36:03","date_gmt":"2018-10-20T14:36:03","guid":{"rendered":"http:\/\/www.corumbaonline.com.br\/news\/?p=23839"},"modified":"2018-10-20T11:20:46","modified_gmt":"2018-10-20T15:20:46","slug":"mulher-e-indiciada-por-disseminar-noticias-falsas-sobre-eleicao","status":"publish","type":"post","link":"https:\/\/www.corumbaonline.com.br\/news\/mulher-e-indiciada-por-disseminar-noticias-falsas-sobre-eleicao\/","title":{"rendered":"Mulher \u00e9 indiciada por disseminar not\u00edcias falsas sobre elei\u00e7\u00e3o"},"content":{"rendered":"<p>Uma mulher foi indicada pela Pol\u00edcia Federal no Rio Grande do Sul por disseminar not\u00edcias falsas em redes sociais. Em um v\u00eddeo, a mo\u00e7a afirma que urnas eletr\u00f4nicas teriam sido fraudadas e enviadas a cidades da Regi\u00e3o Nordeste. A informa\u00e7\u00e3o foi divulgada ontem (19) pela Superintend\u00eancia da Pol\u00edcia Federal no Rio Grande do Sul.<\/p>\n<div class=\"dnd-widget-wrapper context-medio_4colunas type-image atom-align-left\">\n<div class=\"dnd-atom-rendered\">\n<figure class=\"mejs-fotoh-wrapper\">\n<p><figure style=\"width: 365px\" class=\"wp-caption alignnone\"><img loading=\"lazy\" decoding=\"async\" class=\"img-responsive full full\" title=\"Arquivo\/Elza Fi\u00faza\/Ag\u00eancia Brasil\/Ag\u00eancia Brasil\" src=\"http:\/\/imagens.ebc.com.br\/RvBpQNMm7TaTtDaOXbVokBEtZUo=\/365x0\/smart\/http:\/\/agenciabrasil.ebc.com.br\/sites\/default\/files\/atoms\/image\/03092010-03092010ef18664.jpg?itok=7Ar6VS_5\" alt=\"urna eletr\u00f4nica\" width=\"365\" height=\"257\" \/><figcaption class=\"wp-caption-text\">Arquivo\/Elza Fi\u00faza\/Ag\u00eancia Brasil<\/figcaption><\/figure><\/figure>\n<\/div>\n<\/div>\n<p>A mulher tamb\u00e9m acusa o governo federal como respons\u00e1vel por fraudar o sistema de vota\u00e7\u00f5es das elei\u00e7\u00f5es deste ano. A Pol\u00edcia Federal instaurou inqu\u00e9rito a pedido do Tribunal Regional Eleitoral do estado (TRE-RS). Os agentes realizaram dilig\u00eancias para identificar a autora dos coment\u00e1rios enganosos.<\/p>\n<p>A mulher foi enquadrada nos artigos 324 e 325 do C\u00f3digo Eleitoral, segundo os quais s\u00e3o crimes \u201cdivulgar, na propaganda, fatos que sabe inver\u00eddicos, em rela\u00e7\u00e3o a partidos ou candidatos e capazes de exercerem influ\u00eancia perante o eleitorado\u201d e \u201ccaluniar algu\u00e9m, na propaganda eleitoral, ou visando fins de propaganda, imputando-lhe falsamente fato definido como crime\u201d.<\/p>\n<p>Ela pode pegar pena de 1 a 3 anos de pris\u00e3o. O tempo pode ser aumentado pelo fato da mulher ter usado redes sociais para a propaga\u00e7\u00e3o dos conte\u00fados.<\/p>\n<p>Mensagens falsas como a que motivou a pris\u00e3o foram disseminadas em todo o pa\u00eds. O Tribunal Superior Eleitoral criou um\u00a0<a href=\"http:\/\/www.tse.jus.br\/eleicoes\/eleicoes-2018\/esclarecimentos-sobre-informacoes-falsas-eleicoes-2018\/\" target=\"_blank\" rel=\"noopener noreferrer\"><em>site<\/em><\/a>\u00a0para esclarecer eleitores quanto \u00e0s teorias da conspira\u00e7\u00e3o e acusa\u00e7\u00f5es de supostas fraudes em urnas e no conjunto do sistema de vota\u00e7\u00e3o.<\/p>\n<p>A dissemina\u00e7\u00e3o de desinforma\u00e7\u00e3o sobre o tema tem crescido. A presidente do TSE, ministra Rosa Weber chegou a receber amea\u00e7as. Na quarta (17), ela\u00a0<a href=\"http:\/\/agenciabrasil.ebc.com.br\/politica\/noticia\/2018-10\/tse-convoca-representantes-de-bolsonaro-e-haddad-e-pede-clima-de-paz\" target=\"_blank\" rel=\"noopener noreferrer\">reuniu representantes da candidaturas<\/a>\u00a0para solicitar a\u00e7\u00f5es de desincentivo aos questionamentos.<\/p>\n<p>No balan\u00e7o da vota\u00e7\u00e3o do primeiro turno, nem o TSE nem a miss\u00e3o internacional da Organiza\u00e7\u00e3o dos Estados Americanos (OEA), que acompanhou o pleito, identificaram ind\u00edcios de fraude ou problemas que pudessem comprometer o resultado.<\/p>\n","protected":false},"excerpt":{"rendered":"<p>Uma mulher foi indicada pela Pol\u00edcia Federal no Rio Grande do Sul por disseminar not\u00edcias&#8230;<\/p>\n","protected":false},"author":1,"featured_media":0,"comment_status":"closed","ping_status":"closed","sticky":false,"template":"","format":"standard","meta":{"footnotes":""},"categories":[101,19],"tags":[],"class_list":["post-23839","post","type-post","status-publish","format-standard","hentry","category-eleicoes","category-politica"],"_links":{"self":[{"href":"https:\/\/www.corumbaonline.com.br\/news\/wp-json\/wp\/v2\/posts\/23839","targetHints":{"allow":["GET"]}}],"collection":[{"href":"https:\/\/www.corumbaonline.com.br\/news\/wp-json\/wp\/v2\/posts"}],"about":[{"href":"https:\/\/www.corumbaonline.com.br\/news\/wp-json\/wp\/v2\/types\/post"}],"author":[{"embeddable":true,"href":"https:\/\/www.corumbaonline.com.br\/news\/wp-json\/wp\/v2\/users\/1"}],"replies":[{"embeddable":true,"href":"https:\/\/www.corumbaonline.com.br\/news\/wp-json\/wp\/v2\/comments?post=23839"}],"version-history":[{"count":1,"href":"https:\/\/www.corumbaonline.com.br\/news\/wp-json\/wp\/v2\/posts\/23839\/revisions"}],"predecessor-version":[{"id":23840,"href":"https:\/\/www.corumbaonline.com.br\/news\/wp-json\/wp\/v2\/posts\/23839\/revisions\/23840"}],"wp:attachment":[{"href":"https:\/\/www.corumbaonline.com.br\/news\/wp-json\/wp\/v2\/media?parent=23839"}],"wp:term":[{"taxonomy":"category","embeddable":true,"href":"https:\/\/www.corumbaonline.com.br\/news\/wp-json\/wp\/v2\/categories?post=23839"},{"taxonomy":"post_tag","embeddable":true,"href":"https:\/\/www.corumbaonline.com.br\/news\/wp-json\/wp\/v2\/tags?post=23839"}],"curies":[{"name":"wp","href":"https:\/\/api.w.org\/{rel}","templated":true}]}}