{"id":23843,"date":"2018-10-20T11:01:29","date_gmt":"2018-10-20T15:01:29","guid":{"rendered":"http:\/\/www.corumbaonline.com.br\/news\/?p=23843"},"modified":"2018-10-20T11:31:58","modified_gmt":"2018-10-20T15:31:58","slug":"cotada-para-assumir-presidencia-do-senado-simone-tratara-sobre-assunto-no-fim-do-ano","status":"publish","type":"post","link":"https:\/\/www.corumbaonline.com.br\/news\/cotada-para-assumir-presidencia-do-senado-simone-tratara-sobre-assunto-no-fim-do-ano\/","title":{"rendered":"Cotada para assumir presid\u00eancia do Senado, Simone tratar\u00e1 sobre assunto no fim do ano"},"content":{"rendered":"<p>Um dos principais nomes para assumir a presid\u00eancia do Senado a partir de 2019 \u00e9 o de Simone Tebet (MDB), l\u00edder da maior bancada. A senadora que tem mandato por mais quatro anos, \u00e9 cotada para assumir o lugar de Renan Calheiros (MBD-AL).<\/p>\n<p>Simone disse ao\u00a0<strong>Jornal Midiamax<\/strong>\u00a0que n\u00e3o pretende tratar do assunto neste momento e fala em \u201cum passo de cada vez\u201d, j\u00e1 que o pa\u00eds est\u00e1 \u201catravessando por grandes problemas\u201d e passa por tempo de elei\u00e7\u00f5es. \u201cDiscutir presid\u00eancia do Senado antes de dezembro \u00e9 antecipa\u00e7\u00e3o indevida\u201d, explicou.<\/p>\n<p>Entretanto, a senadora diz que j\u00e1 pretende se reunir com colegas para o fim do ano e encaminhar essa hip\u00f3tese de assumir a presid\u00eancia do Senado. \u201cVamos aguardar o resultado das elei\u00e7\u00f5es do segundo turno e s\u00f3 ent\u00e3o farei uma reuni\u00e3o como l\u00edder com os colegas para tratar da pauta do final do ano\u201d, afirmou Simone.<\/p>\n<p>L\u00edder da maior bancada no Senado, alguns ve\u00edculos apontam que a escolha do nome da senador de Mato Grosso do Sul se daria pelo fato de ter maior facilidade para l\u00edder com apoiadores e opositores.<\/p>\n<p>Em sua rede social, Renan Calheiros deixou claro que n\u00e3o pretende disputar novamente \u00e0 presid\u00eancia do Senado. \u201cN\u00e3o sou candidato. N\u00e3o cogito e n\u00e3o quero. J\u00e1 fui presidente 4 vezes, sendo o senador que mais se elegeu para esse cargo desde a redemocratiza\u00e7\u00e3o. N\u00e3o h\u00e1 escassez de bons nomes\u201d.<\/p>\n","protected":false},"excerpt":{"rendered":"<p>Um dos principais nomes para assumir a presid\u00eancia do Senado a partir de 2019 \u00e9&#8230;<\/p>\n","protected":false},"author":1,"featured_media":0,"comment_status":"closed","ping_status":"closed","sticky":false,"template":"","format":"standard","meta":{"footnotes":""},"categories":[19],"tags":[],"class_list":["post-23843","post","type-post","status-publish","format-standard","hentry","category-politica"],"_links":{"self":[{"href":"https:\/\/www.corumbaonline.com.br\/news\/wp-json\/wp\/v2\/posts\/23843","targetHints":{"allow":["GET"]}}],"collection":[{"href":"https:\/\/www.corumbaonline.com.br\/news\/wp-json\/wp\/v2\/posts"}],"about":[{"href":"https:\/\/www.corumbaonline.com.br\/news\/wp-json\/wp\/v2\/types\/post"}],"author":[{"embeddable":true,"href":"https:\/\/www.corumbaonline.com.br\/news\/wp-json\/wp\/v2\/users\/1"}],"replies":[{"embeddable":true,"href":"https:\/\/www.corumbaonline.com.br\/news\/wp-json\/wp\/v2\/comments?post=23843"}],"version-history":[{"count":1,"href":"https:\/\/www.corumbaonline.com.br\/news\/wp-json\/wp\/v2\/posts\/23843\/revisions"}],"predecessor-version":[{"id":23844,"href":"https:\/\/www.corumbaonline.com.br\/news\/wp-json\/wp\/v2\/posts\/23843\/revisions\/23844"}],"wp:attachment":[{"href":"https:\/\/www.corumbaonline.com.br\/news\/wp-json\/wp\/v2\/media?parent=23843"}],"wp:term":[{"taxonomy":"category","embeddable":true,"href":"https:\/\/www.corumbaonline.com.br\/news\/wp-json\/wp\/v2\/categories?post=23843"},{"taxonomy":"post_tag","embeddable":true,"href":"https:\/\/www.corumbaonline.com.br\/news\/wp-json\/wp\/v2\/tags?post=23843"}],"curies":[{"name":"wp","href":"https:\/\/api.w.org\/{rel}","templated":true}]}}