{"id":23856,"date":"2018-10-20T12:12:52","date_gmt":"2018-10-20T16:12:52","guid":{"rendered":"http:\/\/www.corumbaonline.com.br\/news\/?p=23856"},"modified":"2018-10-20T12:44:25","modified_gmt":"2018-10-20T16:44:25","slug":"haddad-cobra-providencias-sobre-suposto-financiamento-para-fake-news","status":"publish","type":"post","link":"https:\/\/www.corumbaonline.com.br\/news\/haddad-cobra-providencias-sobre-suposto-financiamento-para-fake-news\/","title":{"rendered":"Haddad cobra provid\u00eancias sobre suposto financiamento para fake news"},"content":{"rendered":"<p>O candidato \u00e0 Presid\u00eancia da Rep\u00fablica pelo PT, Fernando Haddad, afirmou,\u00a0 em Fortaleza, que tem sido \u201co centro de cal\u00fanias\u201d de seu advers\u00e1rio Jair Bolsonaro (PSL).<\/p>\n<p>Ele cobrou provid\u00eancias para que sejam conduzidas investiga\u00e7\u00f5es sobre o suposto grupo de empres\u00e1rios que financiaria o envio em massa de mensagens falsas anti-PT na plataforma WhatsApp.<\/p>\n<p>&#8220;Esperamos que com o tranco [de anteontem, 18], essas den\u00fancias tragam pris\u00e3o preventiva de algum empres\u00e1rio, para que eles denunciem em dela\u00e7\u00e3o o que que aconteceu na campanha dele&#8221;, disse aos apoiadores que o aguardavam no Comit\u00ea Cultura, na Praia de Iracema.<\/p>\n<p>Na capital cearense, Haddad\u00a0 participou de um ato pol\u00edtico ao lado da mulher, Ana Estela Haddad, dos deputados federais Luizianne Lins e Jos\u00e9 Guimar\u00e3es, ambos do PT, e do candidato ao governo do Cear\u00e1 pelo PSOL, Ailton Lopes. Ele reiterou as cr\u00edticas ao advers\u00e1rio e ressaltou que \u201cmod\u00e9stia \u00e0 parte, o Brasil precisa mais de um professor que de um miliciano\u201d.<\/p>\n<p>Agenda<\/p>\n<p>Na busca por angariar mais votos no Nordeste, onde o PT teve vantagem em v\u00e1rios estados, Haddad faz hoje (20) caminhada em Fortaleza e segue para atos organizados em Juazeiro do Norte e Crato, no Cear\u00e1.<\/p>\n<p>No in\u00edcio da noite, o candidato segue para o Piau\u00ed, onde encontrar\u00e1 apoiadores na cidade de Picos, localizada a 307 km da capital, Teresina. No domingo (21), a previs\u00e3o \u00e9 ato em S\u00e3o Lu\u00eds, no Maranh\u00e3o.<\/p>\n<p>Ontem (19), no Rio de Janeiro, Haddad reclamou do que classifica como \u201cJusti\u00e7a anal\u00f3gica\u201d para apurar o que chama de \u201ctsunami cibern\u00e9tico\u201d, referindo-se \u00e0 avalanche de not\u00edcias falsas disseminada nesta campanha eleitoral. O assunto est\u00e1 em investiga\u00e7\u00e3o e a Pol\u00edcia Federal pode ser acionada para apurar.<\/p>\n","protected":false},"excerpt":{"rendered":"<p>O candidato \u00e0 Presid\u00eancia da Rep\u00fablica pelo PT, Fernando Haddad, afirmou,\u00a0 em Fortaleza, que tem&#8230;<\/p>\n","protected":false},"author":1,"featured_media":0,"comment_status":"closed","ping_status":"closed","sticky":false,"template":"","format":"standard","meta":{"footnotes":""},"categories":[101,19],"tags":[],"class_list":["post-23856","post","type-post","status-publish","format-standard","hentry","category-eleicoes","category-politica"],"_links":{"self":[{"href":"https:\/\/www.corumbaonline.com.br\/news\/wp-json\/wp\/v2\/posts\/23856","targetHints":{"allow":["GET"]}}],"collection":[{"href":"https:\/\/www.corumbaonline.com.br\/news\/wp-json\/wp\/v2\/posts"}],"about":[{"href":"https:\/\/www.corumbaonline.com.br\/news\/wp-json\/wp\/v2\/types\/post"}],"author":[{"embeddable":true,"href":"https:\/\/www.corumbaonline.com.br\/news\/wp-json\/wp\/v2\/users\/1"}],"replies":[{"embeddable":true,"href":"https:\/\/www.corumbaonline.com.br\/news\/wp-json\/wp\/v2\/comments?post=23856"}],"version-history":[{"count":1,"href":"https:\/\/www.corumbaonline.com.br\/news\/wp-json\/wp\/v2\/posts\/23856\/revisions"}],"predecessor-version":[{"id":23857,"href":"https:\/\/www.corumbaonline.com.br\/news\/wp-json\/wp\/v2\/posts\/23856\/revisions\/23857"}],"wp:attachment":[{"href":"https:\/\/www.corumbaonline.com.br\/news\/wp-json\/wp\/v2\/media?parent=23856"}],"wp:term":[{"taxonomy":"category","embeddable":true,"href":"https:\/\/www.corumbaonline.com.br\/news\/wp-json\/wp\/v2\/categories?post=23856"},{"taxonomy":"post_tag","embeddable":true,"href":"https:\/\/www.corumbaonline.com.br\/news\/wp-json\/wp\/v2\/tags?post=23856"}],"curies":[{"name":"wp","href":"https:\/\/api.w.org\/{rel}","templated":true}]}}