{"id":23858,"date":"2018-10-20T12:25:08","date_gmt":"2018-10-20T16:25:08","guid":{"rendered":"http:\/\/www.corumbaonline.com.br\/news\/?p=23858"},"modified":"2018-10-20T13:07:27","modified_gmt":"2018-10-20T17:07:27","slug":"policia-do-parana-apura-se-denuncia-de-estupro-teve-motivacao-politica","status":"publish","type":"post","link":"https:\/\/www.corumbaonline.com.br\/news\/policia-do-parana-apura-se-denuncia-de-estupro-teve-motivacao-politica\/","title":{"rendered":"Pol\u00edcia do Paran\u00e1 apura se den\u00fancia de estupro teve motiva\u00e7\u00e3o pol\u00edtica"},"content":{"rendered":"<p>A Policia Civil paranaense investiga se h\u00e1 motiva\u00e7\u00e3o pol\u00edtica em\u00a0uma den\u00fancia de estupro no Centro Acad\u00eamico de Ci\u00eancias Sociais da Universidade Federal do Paran\u00e1 (UFPR). A v\u00edtima, que se declara mulher transexual, de 22 anos, disse que o crime foi cometido por um grupo de garotos e que a motiva\u00e7\u00e3o seria o fato de ela estar usar um adesivo da campanha #EleN\u00e3o \u2013 contr\u00e1ria \u00e0 candidatura de Jair Bolsonaro (PSL) \u00e0 Presid\u00eancia da Rep\u00fablica.<\/p>\n<p>O relato foi postado no\u00a0<em>site<\/em>\u00a0do Mapa da Viol\u00eancia. A den\u00fancia an\u00f4nima \u00e9 investigada pela Delegacia da Mulher de Curitiba. Nas redes sociais, o centro acad\u00eamico\u00a0informou quer tomou conhecimento do caso por meio da internet, mas que, at\u00e9 o in\u00edcio da semana, n\u00e3o havia sido contactado pessoalmente pela v\u00edtima.<\/p>\n<p>\u201cN\u00e3o vamos colocar em descr\u00e9dito o relato da v\u00edtima pois, o tempo todo, v\u00edtimas de estupro s\u00e3o culpabilizadas. Nos colocamos a servi\u00e7o do acolhimento da v\u00edtima, mesmo que essa mulher n\u00e3o se sinta \u00e0 vontade para a exposi\u00e7\u00e3o do ocorrido. O corpo docente, juntamente com os estudantes, est\u00e1 articulando formas de lidar com o acontecido de forma a verificar os fatos.\u201d<\/p>\n<h2>Rep\u00fadio<\/h2>\n<p>O Centro Acad\u00eamico de Ci\u00eancias Sociais publicou, tamb\u00e9m em sua p\u00e1gina no Facebook, uma nota de rep\u00fadio, por meio da qual se coloca \u00e0 disposi\u00e7\u00e3o da v\u00edtima para auxili\u00e1-la no que for necess\u00e1rio \u2013 inclusive para tomar medidas legais e na busca por apoio psicol\u00f3gico. \u201cN\u00e3o podemos banalizar esse como mais um caso estat\u00edstico\u201d. O centro\u00a0apela para o fim da \u00a0\u201ccrescente onda de viol\u00eancia\u201d.<\/p>\n<p>Na nota, a entidade diz que tamb\u00e9m identificou picha\u00e7\u00f5es com os dizeres \u201cB17\u201d e com su\u00e1sticas nas paredes do centro acad\u00eamico e informa que vai repensar a abertura do local em todos os turnos do dia \u2013 incluindo \u00e0\u00a0noite \u2013 para estudantes de ci\u00eancias sociais, de outros cursos e para a comunidade externa.<\/p>\n<p>Em momentos anteriores, nas redes sociais, quando questionado sobre a viol\u00eancia atribu\u00edda aos seus simpatizantes, Bolsonaro afirmou que recha\u00e7a qualquer tipo de agress\u00e3o e que n\u00e3o tem como controlar as pessoas.<\/p>\n","protected":false},"excerpt":{"rendered":"<p>A Policia Civil paranaense investiga se h\u00e1 motiva\u00e7\u00e3o pol\u00edtica em\u00a0uma den\u00fancia de estupro no Centro&#8230;<\/p>\n","protected":false},"author":1,"featured_media":0,"comment_status":"closed","ping_status":"closed","sticky":false,"template":"","format":"standard","meta":{"footnotes":""},"categories":[14],"tags":[],"class_list":["post-23858","post","type-post","status-publish","format-standard","hentry","category-geral"],"_links":{"self":[{"href":"https:\/\/www.corumbaonline.com.br\/news\/wp-json\/wp\/v2\/posts\/23858","targetHints":{"allow":["GET"]}}],"collection":[{"href":"https:\/\/www.corumbaonline.com.br\/news\/wp-json\/wp\/v2\/posts"}],"about":[{"href":"https:\/\/www.corumbaonline.com.br\/news\/wp-json\/wp\/v2\/types\/post"}],"author":[{"embeddable":true,"href":"https:\/\/www.corumbaonline.com.br\/news\/wp-json\/wp\/v2\/users\/1"}],"replies":[{"embeddable":true,"href":"https:\/\/www.corumbaonline.com.br\/news\/wp-json\/wp\/v2\/comments?post=23858"}],"version-history":[{"count":1,"href":"https:\/\/www.corumbaonline.com.br\/news\/wp-json\/wp\/v2\/posts\/23858\/revisions"}],"predecessor-version":[{"id":23859,"href":"https:\/\/www.corumbaonline.com.br\/news\/wp-json\/wp\/v2\/posts\/23858\/revisions\/23859"}],"wp:attachment":[{"href":"https:\/\/www.corumbaonline.com.br\/news\/wp-json\/wp\/v2\/media?parent=23858"}],"wp:term":[{"taxonomy":"category","embeddable":true,"href":"https:\/\/www.corumbaonline.com.br\/news\/wp-json\/wp\/v2\/categories?post=23858"},{"taxonomy":"post_tag","embeddable":true,"href":"https:\/\/www.corumbaonline.com.br\/news\/wp-json\/wp\/v2\/tags?post=23858"}],"curies":[{"name":"wp","href":"https:\/\/api.w.org\/{rel}","templated":true}]}}