{"id":23871,"date":"2018-10-21T16:30:41","date_gmt":"2018-10-21T19:30:41","guid":{"rendered":"http:\/\/www.corumbaonline.com.br\/news\/?p=23871"},"modified":"2018-10-21T21:24:53","modified_gmt":"2018-10-22T00:24:53","slug":"rosa-weber-contesta-questionamentos-sobre-seguranca-das-urnas","status":"publish","type":"post","link":"https:\/\/www.corumbaonline.com.br\/news\/rosa-weber-contesta-questionamentos-sobre-seguranca-das-urnas\/","title":{"rendered":"Rosa Weber contesta questionamentos sobre seguran\u00e7a das urnas"},"content":{"rendered":"<p>A uma semana da realiza\u00e7\u00e3o do segundo turno das elei\u00e7\u00f5es, a presidente do Tribunal Superior Eleitoral (TSE), Rosa Weber, declarou que a Justi\u00e7a Eleitoral \u201cn\u00e3o tem partido\u201d e que vai combater de forma constitucional qualquer tentativa de desacreditar ou deslegitimar o processo eleitoral brasileiro. Em declara\u00e7\u00e3o \u00e0 imprensa neste domingo (21), a ministra reafirmou que o sistema eleitoral \u00e9 seguro e repudiou as iniciativas que visam questionar a seguran\u00e7a das urnas eletr\u00f4nicas.<\/p>\n<p>\u201cVou dizer o \u00f3bvio, porque o \u00f3bvio precisa ser dito. Nessa elei\u00e7\u00e3o haver\u00e1 vencedores e vencidos, o confronto de ideias e a diversidade s\u00e3o pr\u00f3prios da democracia. As regras do jogo devem ser respeitadas por todos. A Justi\u00e7a Eleitoral n\u00e3o \u00e9 e n\u00e3o tem partido, n\u00e3o \u00e9 espectadora de eventos que envolvem as elei\u00e7\u00f5es, nem \u00e9 parte interessada no m\u00e9rito do desfecho\u201d, declarou.<\/p>\n<p>Ao destacar que a Constitui\u00e7\u00e3o Federal completou 30 anos neste m\u00eas, Rosa Weber ressaltou que qualquer \u201cdesinforma\u00e7\u00e3o deliberada ou involunt\u00e1ria que visa o descr\u00e9dito da Justi\u00e7a Eleitoral\u201d ser\u00e1 combatida com \u201cinforma\u00e7\u00e3o respons\u00e1vel e objetiva\u201d. A ministra reafirmou que o processo eleitoral \u00e9 confi\u00e1vel e nunca registrou nenhuma irregularidade desde que foi implantado.<\/p>\n<p>\u201cEst\u00e3o exacerbadas as paix\u00f5es pol\u00edticas? Est\u00e3o acaloradas as discuss\u00f5es? Os n\u00edveis de disc\u00f3rdia atingiram graus inquietantes? Tudo isso \u00e9 inevit\u00e1vel e \u00e9 pr\u00f3prio do embate eleitoral. O certo \u00e9 que o primeiro turno j\u00e1 transcorreu em clima de normalidade e as campanhas est\u00e3o postas, com os projetos de cada candidato \u00e0 escolha livre e consciente de cada eleitor\u201d, disse.<\/p>\n<p>Em seu pronunciamento, Rosa Weber tamb\u00e9m declarou que \u201ca Justi\u00e7a Eleitoral n\u00e3o combate boatos com boatos\u201d e que \u201ch\u00e1 um tempo para a resposta respons\u00e1vel\u201d. A ministra destacou que as a\u00e7\u00f5es judicais devem observar as regras do processo legal e que devem ter respostas fundamentas na Constitui\u00e7\u00e3o Federal.<\/p>\n<h2>Investiga\u00e7\u00f5es<\/h2>\n<p>Questionada se a Justi\u00e7a Eleitoral falhou no combate \u00e0s not\u00edcias falsas (fake news) durante a campanha, a ministra respondeu que n\u00e3o viu falhas na a\u00e7\u00e3o do tribunal, mas reconheceu que n\u00e3o esperava que a onda de desinforma\u00e7\u00e3o se voltasse contra a pr\u00f3pria institui\u00e7\u00e3o e que ainda n\u00e3o h\u00e1 uma solu\u00e7\u00e3o para impedir o problema.<\/p>\n<p>\u201cN\u00f3s entendemos que n\u00e3o houve falha alguma da Justi\u00e7a Eleitoral no que tange a isso que se chama fake news. A desinforma\u00e7\u00e3o \u00e9 um fen\u00f4meno mundial que se faz presente nas mais diferentes sociedades. Gostar\u00edamos de ter uma solu\u00e7\u00e3o pronta e eficaz, de fato, n\u00e3o temos\u201d.<\/p>\n<p>Rosa Weber se negou a comentar sobre a a\u00e7\u00e3o ingressada pelo PT para investigar a den\u00fancia de que empresas teriam atuado na dissemina\u00e7\u00e3o em massa nas redes sociais de not\u00edcias falsas contra o candidato Fernando Haddad (PT) em favor de seu oponente, Jair Bolsonaro (PSL).<\/p>\n<p>Segundo o ministro da Seguran\u00e7a P\u00fablica, Raul Jungmann, o caso est\u00e1 sendo investigado e n\u00e3o \u00e9 poss\u00edvel dar detalhes sobre o processo, pois o inqu\u00e9rito corre sob sigilo.<\/p>\n<p>O ministro apresentou ainda um balan\u00e7o das den\u00fancias de crimes eleitorais durante o primeiro turno. Segundo ele, a\u00a0Pol\u00edcia Federal lavrou 245 termos circunstanciados e\u00a0469 inqu\u00e9ritos policiais. Al\u00e9m disso,\u00a0455 pessoas foram conduzidas para depoimentos e\u00a0outros 266 apreendidos. Os principais crimes registrados foram propaganda eleitoral irregular, promo\u00e7\u00e3o de informa\u00e7\u00f5es falsas e compra de votos.<\/p>\n<p>\u201cAqueles que t\u00eam interesse de produzir not\u00edcias falsas fiquem sabendo que n\u00e3o existe anonimato na internet e a Pol\u00edcia Federal tem tecnologia e recursos humanos para chegar neles aqui ou em qualquer lugar do mundo\u201d, alertou o ministro.<\/p>\n<p>O ministro tamb\u00e9m adiantou que o centro integrado de controle para as elei\u00e7\u00f5es retomar\u00e1 os trabalhos a partir desta segunda-feira (22), a partir das 15 horas e que os representantes dos dois candidatos \u00e0 Presid\u00eancia foram convidados a acompanhar a atua\u00e7\u00e3o do centro, que funcionar\u00e1 24 horas por dia at\u00e9 o fim do segundo turno, no pr\u00f3ximo dia 28 de outubro.<\/p>\n<p>Tamb\u00e9m participaram da entrevista os ministros do Gabinete de Seguran\u00e7a Institucional, S\u00e9rgio Etchegoyen, da Advocacia-Geral da Uni\u00e3o (AGU), Grace Mendon\u00e7a, o presidente da Ordem dos Advogados do Brasil (OAB), Cl\u00e1udio Lamachia, o vice-procurador do Minist\u00e9rio P\u00fablico Eleitoral, Humberto Jacques, os ministros do Superior Tribunal de Justi\u00e7a, Og Fernandes e do TSE, Tarc\u00edcio Mello, o delegado da Pol\u00edcia Federal, Elzio Vicente da Silva, al\u00e9m de t\u00e9cnicos de seguran\u00e7a da informa\u00e7\u00e3o do Tribunal.<\/p>\n","protected":false},"excerpt":{"rendered":"<p>A uma semana da realiza\u00e7\u00e3o do segundo turno das elei\u00e7\u00f5es, a presidente do Tribunal Superior&#8230;<\/p>\n","protected":false},"author":1,"featured_media":23872,"comment_status":"closed","ping_status":"closed","sticky":false,"template":"","format":"standard","meta":{"footnotes":""},"categories":[8,101,19],"tags":[],"class_list":["post-23871","post","type-post","status-publish","format-standard","has-post-thumbnail","hentry","category-destaque","category-eleicoes","category-politica"],"_links":{"self":[{"href":"https:\/\/www.corumbaonline.com.br\/news\/wp-json\/wp\/v2\/posts\/23871","targetHints":{"allow":["GET"]}}],"collection":[{"href":"https:\/\/www.corumbaonline.com.br\/news\/wp-json\/wp\/v2\/posts"}],"about":[{"href":"https:\/\/www.corumbaonline.com.br\/news\/wp-json\/wp\/v2\/types\/post"}],"author":[{"embeddable":true,"href":"https:\/\/www.corumbaonline.com.br\/news\/wp-json\/wp\/v2\/users\/1"}],"replies":[{"embeddable":true,"href":"https:\/\/www.corumbaonline.com.br\/news\/wp-json\/wp\/v2\/comments?post=23871"}],"version-history":[{"count":1,"href":"https:\/\/www.corumbaonline.com.br\/news\/wp-json\/wp\/v2\/posts\/23871\/revisions"}],"predecessor-version":[{"id":23873,"href":"https:\/\/www.corumbaonline.com.br\/news\/wp-json\/wp\/v2\/posts\/23871\/revisions\/23873"}],"wp:featuredmedia":[{"embeddable":true,"href":"https:\/\/www.corumbaonline.com.br\/news\/wp-json\/wp\/v2\/media\/23872"}],"wp:attachment":[{"href":"https:\/\/www.corumbaonline.com.br\/news\/wp-json\/wp\/v2\/media?parent=23871"}],"wp:term":[{"taxonomy":"category","embeddable":true,"href":"https:\/\/www.corumbaonline.com.br\/news\/wp-json\/wp\/v2\/categories?post=23871"},{"taxonomy":"post_tag","embeddable":true,"href":"https:\/\/www.corumbaonline.com.br\/news\/wp-json\/wp\/v2\/tags?post=23871"}],"curies":[{"name":"wp","href":"https:\/\/api.w.org\/{rel}","templated":true}]}}