{"id":23874,"date":"2018-10-21T16:00:38","date_gmt":"2018-10-21T19:00:38","guid":{"rendered":"http:\/\/www.corumbaonline.com.br\/news\/?p=23874"},"modified":"2018-10-21T18:19:45","modified_gmt":"2018-10-21T21:19:45","slug":"eduardo-bolsonaro-diz-que-basta-um-soldado-e-um-cabo-para-fechar-stf","status":"publish","type":"post","link":"https:\/\/www.corumbaonline.com.br\/news\/eduardo-bolsonaro-diz-que-basta-um-soldado-e-um-cabo-para-fechar-stf\/","title":{"rendered":"Eduardo Bolsonaro diz que basta &#8220;um soldado e um cabo&#8221; para fechar STF"},"content":{"rendered":"<p>Em um v\u00eddeo\u00a0postado nas redes sociais,\u00a0Eduardo Bolsonaro (PSL-SP), filho do presidenci\u00e1vel Jair Bolsoro e deputado federal eleito por S\u00e3o Paulo, diz que bastam um soldado e um cabo para fechar o Supremo Tribunal Federal (STF). A afirma\u00e7\u00e3o foi em resposta a um questionamento sobre uma poss\u00edvel a\u00e7\u00e3o do\u00a0Ex\u00e9rcito caso Bolsonaro fosse impedido de assumir a Presid\u00eancia por alguma decis\u00e3o do Supremo.<\/p>\n<p>\u201cSe quiser fechar o STF, sabe o que voc\u00ea faz? N\u00e3o manda nem um jipe. Manda um soldado e um cabo. N\u00e3o \u00e9 querer desmerecer o soldado e o cabo\u201d, afirmou o senador eleito para uma plat\u00e9ia de estudantes, em uma palestra antes do primeiro turno.<\/p>\n<div class=\"dnd-widget-wrapper context-medio_4colunas type-image atom-align-left\">\n<div class=\"dnd-atom-rendered\">\n<figure class=\"mejs-fotoh-wrapper\">\n<p><figure style=\"width: 365px\" class=\"wp-caption alignnone\"><img loading=\"lazy\" decoding=\"async\" class=\"img-responsive full full\" title=\"Fabio Rodrigues Pozzebom\/ Agencia Brasil\/Ag\u00eancia Brasil\" src=\"http:\/\/imagens.ebc.com.br\/eaT9wgzrpCilBWYg3891nZ7yMX4=\/365x0\/smart\/http:\/\/agenciabrasil.ebc.com.br\/sites\/default\/files\/atoms\/image\/1079839-fpzzb_abr_07.06.2017-3989.jpg?itok=5MB38BdM\" alt=\"Bras\u00edlia - O Conselho de \u00c9tica da C\u00e2mara arquivou duas representa\u00e7\u00f5es (12\/17 e 13\/17) contra o deputado Eduardo Bolsonaro (PSC-SP) por quebra do decoro (Fabio Rodrigues Pozzebom\/ Agencia Brasil)\" width=\"365\" height=\"243\" \/><figcaption class=\"wp-caption-text\">Eduardo Bolsonaro diz, em v\u00eddeo, que bastam um soldado e um cabo para fechar o Supremo. Pelo Twitter, ele pediu desculpas &#8211; Fabio Rodrigues Pozzebom\/Arquivo Ag\u00eancia Brasil<\/figcaption><\/figure><\/figure>\n<\/div>\n<\/div>\n<p>Eduardo\u00a0Bolsonaro acrescentou: \u201cO que \u00e9 o STF? Tira a poder da caneta da m\u00e3o de um ministro do STF, o que ele \u00e9 na rua. Se voc\u00ea prender um ministro do STF, voc\u00ea acha que vai\u00a0ter\u00a0manifesta\u00e7\u00e3o popular a favor dos ministros do STF? Milh\u00f5es na rua?\u201d.<\/p>\n<p>A\u00a0pergunta que gerou a resposta do senador eleito foi feita por um estudante que se identificou como ex-tenente tempor\u00e1rio farmac\u00eautico no Hospital Central do Ex\u00e9rcito (HCE), em Benfica, no Rio\u00a0de Janeiro.<\/p>\n<h2>Twitter<\/h2>\n<p>Em\u00a0sua conta no\u00a0Twitter, Eduardo Bolsonaro se manifestou hoje (21) sobre o v\u00eddeo e\u00a0pediu desculpas pelas\u00a0palavras. Ele afirma que nunca teve a inten\u00e7\u00e3o de fechar o Supremo.<\/p>\n<p>De acordo com o deputado eleito, a pergunta girava em torno de uma \u201chip\u00f3tese esdr\u00faxula\u201d e foi feita h\u00e1 quatro meses. \u201cSe fui infeliz e atingi algu\u00e9m, tranquilamente pe\u00e7o desculpas, e digo que n\u00e3o era a minha inten\u00e7\u00e3o.\u201d<\/p>\n","protected":false},"excerpt":{"rendered":"<p>Em um v\u00eddeo\u00a0postado nas redes sociais,\u00a0Eduardo Bolsonaro (PSL-SP), filho do presidenci\u00e1vel Jair Bolsoro e deputado&#8230;<\/p>\n","protected":false},"author":1,"featured_media":0,"comment_status":"closed","ping_status":"closed","sticky":false,"template":"","format":"standard","meta":{"footnotes":""},"categories":[101,19],"tags":[],"class_list":["post-23874","post","type-post","status-publish","format-standard","hentry","category-eleicoes","category-politica"],"_links":{"self":[{"href":"https:\/\/www.corumbaonline.com.br\/news\/wp-json\/wp\/v2\/posts\/23874","targetHints":{"allow":["GET"]}}],"collection":[{"href":"https:\/\/www.corumbaonline.com.br\/news\/wp-json\/wp\/v2\/posts"}],"about":[{"href":"https:\/\/www.corumbaonline.com.br\/news\/wp-json\/wp\/v2\/types\/post"}],"author":[{"embeddable":true,"href":"https:\/\/www.corumbaonline.com.br\/news\/wp-json\/wp\/v2\/users\/1"}],"replies":[{"embeddable":true,"href":"https:\/\/www.corumbaonline.com.br\/news\/wp-json\/wp\/v2\/comments?post=23874"}],"version-history":[{"count":1,"href":"https:\/\/www.corumbaonline.com.br\/news\/wp-json\/wp\/v2\/posts\/23874\/revisions"}],"predecessor-version":[{"id":23875,"href":"https:\/\/www.corumbaonline.com.br\/news\/wp-json\/wp\/v2\/posts\/23874\/revisions\/23875"}],"wp:attachment":[{"href":"https:\/\/www.corumbaonline.com.br\/news\/wp-json\/wp\/v2\/media?parent=23874"}],"wp:term":[{"taxonomy":"category","embeddable":true,"href":"https:\/\/www.corumbaonline.com.br\/news\/wp-json\/wp\/v2\/categories?post=23874"},{"taxonomy":"post_tag","embeddable":true,"href":"https:\/\/www.corumbaonline.com.br\/news\/wp-json\/wp\/v2\/tags?post=23874"}],"curies":[{"name":"wp","href":"https:\/\/api.w.org\/{rel}","templated":true}]}}