{"id":23876,"date":"2018-10-22T08:05:22","date_gmt":"2018-10-22T11:05:22","guid":{"rendered":"http:\/\/www.corumbaonline.com.br\/news\/?p=23876"},"modified":"2018-10-21T18:27:58","modified_gmt":"2018-10-21T21:27:58","slug":"prf-recupera-em-miranda-veiculo-com-ocorrencia-de-roubo-que-seguia-para-corumba","status":"publish","type":"post","link":"https:\/\/www.corumbaonline.com.br\/news\/prf-recupera-em-miranda-veiculo-com-ocorrencia-de-roubo-que-seguia-para-corumba\/","title":{"rendered":"PRF recupera em Miranda ve\u00edculo com ocorr\u00eancia de roubo que seguia para Corumb\u00e1"},"content":{"rendered":"<p>Na madrugada deste domingo, 21 de outubro, no km 600 da BR-262, em Miranda\/MS, agentes da Pol\u00edcia Rodovi\u00e1ria Federal (PRF) abordaram um ve\u00edculo VW\/Gol, com placas de Campo Grande que seguia para Corumb\u00e1 com dois indiv\u00edduos dentro.<\/p>\n<p>No momento da abordagem, o condutor jogou o ve\u00edculo na dire\u00e7\u00e3o da equipe policial e fugiu, sendo acompanhado pela viatura. Alguns quil\u00f4metros \u00e0 frente, os indiv\u00edduos entraram em uma fazenda e abandonaram o carro, fugindo para uma mata pr\u00f3xima.<\/p>\n<p>Ap\u00f3s consulta aos sistemas, foi verificado que o ve\u00edculo possu\u00eda registro de roubo na cidade de Campo Grande.<\/p>\n<p>A ocorr\u00eancia foi encaminhada para Delegacia de Pol\u00edcia Civil em Miranda.<\/p>\n<div data-wpusb-component=\"buttons-section\">\n<div id=\"wpusb-container-default\" class=\"wpusb wpusb-default \" data-element-url=\"https%3A%2F%2Fwww.prf.gov.br%2Fagencia%2Fprf-recupera-em-miranda-ms-veiculo-com-ocorrencia-de-roubo%2F\" data-element-title=\"PRF%20recupera%20em%20Miranda%2FMS%2C%20ve%C3%ADculo%20com%20ocorr%C3%AAncia%20de%20roubo\" data-attr-reference=\"19407\" data-attr-nonce=\"eb6aa81f2e\" data-is-term=\"0\" data-disabled-share-counts=\"1\" data-wpusb-component=\"counter-social-share\">\n<div class=\"wpusb-item wpusb-facebook \" data-referrer=\"facebook\" data-ref-title=\"Compartilhar\"><a class=\"wpusb-button wpusb-btn \" title=\"Compartilhar no Facebook\" href=\"https:\/\/www.facebook.com\/sharer.php?u=https%3A%2F%2Fwww.prf.gov.br%2Fagencia%2Fprf-recupera-em-miranda-ms-veiculo-com-ocorrencia-de-roubo%2F\" target=\"_blank\" rel=\"nofollow noopener noreferrer\" data-action=\"open-popup\"><i class=\"wpusb-icon-facebook-default \"><\/i>\u00a0<\/a><\/div>\n<div class=\"wpusb-item wpusb-twitter \" data-referrer=\"twitter\" data-ref-title=\"Tweetar\"><a class=\"wpusb-button wpusb-btn \" title=\"Tweetar\" href=\"https:\/\/twitter.com\/share?url=https%3A%2F%2Fwww.prf.gov.br%2Fagencia%2Fprf-recupera-em-miranda-ms-veiculo-com-ocorrencia-de-roubo%2F&amp;text=Acabei%20de%20ver%20PRF%20recupera%20em%20Miranda%2FMS%2C%20ve%C3%ADculo%20com%20ocorr%C3%AAncia%20de%20roubo%20-%20Clique%20para%20ver%20tamb%C3%A9m%20%E2%98%9B%20\" target=\"_blank\" rel=\"nofollow noopener noreferrer\" data-action=\"open-popup\"><i class=\"wpusb-icon-twitter-default \"><\/i>\u00a0<\/a><\/div>\n<div class=\"wpusb-item wpusb-google-plus \" data-referrer=\"google-plus\" data-ref-title=\"Compartilhar\"><a class=\"wpusb-button wpusb-btn \" title=\"Compartilhar no Google+\" href=\"https:\/\/plus.google.com\/share?url=https%3A%2F%2Fwww.prf.gov.br%2Fagencia%2Fprf-recupera-em-miranda-ms-veiculo-com-ocorrencia-de-roubo%2F\" target=\"_blank\" rel=\"nofollow noopener noreferrer\" data-action=\"open-popup\"><i class=\"wpusb-icon-google-plus-default \"><\/i>\u00a0<\/a><\/div>\n<div class=\"wpusb-item wpusb-whatsapp \" data-referrer=\"whatsapp\" data-ref-title=\"Compartilhar\"><a class=\"wpusb-button wpusb-btn \" title=\"Compartilhar via WhatsApp\" href=\"https:\/\/web.whatsapp.com\/send?text=PRF%20recupera%20em%20Miranda%2FMS%2C%20ve%C3%ADculo%20com%20ocorr%C3%AAncia%20de%20roubo%20%E2%98%9B%20https%3A%2F%2Fwww.prf.gov.br%2Fagencia%2Fprf-recupera-em-miranda-ms-veiculo-com-ocorrencia-de-roubo%2F\" target=\"_blank\" rel=\"nofollow noopener noreferrer\" data-whatsapp-wpusb=\"https:\/\/web.whatsapp.com\/\"><i class=\"wpusb-icon-whatsapp-default \"><\/i>\u00a0<\/a><\/div>\n<div class=\"wpusb-item wpusb-share \" data-referrer=\"share\" data-ref-title=\"\"><\/div>\n<\/div>\n<\/div>\n<div id=\"jp-relatedposts\" class=\"jp-relatedposts\"><\/div>\n","protected":false},"excerpt":{"rendered":"<p>Na madrugada deste domingo, 21 de outubro, no km 600 da BR-262, em Miranda\/MS, agentes&#8230;<\/p>\n","protected":false},"author":1,"featured_media":23877,"comment_status":"closed","ping_status":"closed","sticky":false,"template":"","format":"standard","meta":{"footnotes":""},"categories":[8,18],"tags":[],"class_list":["post-23876","post","type-post","status-publish","format-standard","has-post-thumbnail","hentry","category-destaque","category-seguranca"],"_links":{"self":[{"href":"https:\/\/www.corumbaonline.com.br\/news\/wp-json\/wp\/v2\/posts\/23876","targetHints":{"allow":["GET"]}}],"collection":[{"href":"https:\/\/www.corumbaonline.com.br\/news\/wp-json\/wp\/v2\/posts"}],"about":[{"href":"https:\/\/www.corumbaonline.com.br\/news\/wp-json\/wp\/v2\/types\/post"}],"author":[{"embeddable":true,"href":"https:\/\/www.corumbaonline.com.br\/news\/wp-json\/wp\/v2\/users\/1"}],"replies":[{"embeddable":true,"href":"https:\/\/www.corumbaonline.com.br\/news\/wp-json\/wp\/v2\/comments?post=23876"}],"version-history":[{"count":1,"href":"https:\/\/www.corumbaonline.com.br\/news\/wp-json\/wp\/v2\/posts\/23876\/revisions"}],"predecessor-version":[{"id":23878,"href":"https:\/\/www.corumbaonline.com.br\/news\/wp-json\/wp\/v2\/posts\/23876\/revisions\/23878"}],"wp:featuredmedia":[{"embeddable":true,"href":"https:\/\/www.corumbaonline.com.br\/news\/wp-json\/wp\/v2\/media\/23877"}],"wp:attachment":[{"href":"https:\/\/www.corumbaonline.com.br\/news\/wp-json\/wp\/v2\/media?parent=23876"}],"wp:term":[{"taxonomy":"category","embeddable":true,"href":"https:\/\/www.corumbaonline.com.br\/news\/wp-json\/wp\/v2\/categories?post=23876"},{"taxonomy":"post_tag","embeddable":true,"href":"https:\/\/www.corumbaonline.com.br\/news\/wp-json\/wp\/v2\/tags?post=23876"}],"curies":[{"name":"wp","href":"https:\/\/api.w.org\/{rel}","templated":true}]}}