{"id":23883,"date":"2018-10-22T08:30:19","date_gmt":"2018-10-22T11:30:19","guid":{"rendered":"http:\/\/www.corumbaonline.com.br\/news\/?p=23883"},"modified":"2018-10-21T19:02:13","modified_gmt":"2018-10-21T22:02:13","slug":"ministra-rebate-eduardo-bolsonaro-e-diz-que-instituicoes-sao-solidas","status":"publish","type":"post","link":"https:\/\/www.corumbaonline.com.br\/news\/ministra-rebate-eduardo-bolsonaro-e-diz-que-instituicoes-sao-solidas\/","title":{"rendered":"Ministra rebate Eduardo Bolsonaro e diz que institui\u00e7\u00f5es s\u00e3o s\u00f3lidas"},"content":{"rendered":"<p>A presidente do Tribunal Superior Eleitoral (TSE), Rosa Weber, rebateu ontem (21) as\u00a0<a href=\"http:\/\/agenciabrasil.ebc.com.br\/politica\/noticia\/2018-10\/eduardo-bolsonaro-diz-que-basta-um-soldado-e-um-cabo-para-fechar-stf\" target=\"_blank\" rel=\"noopener noreferrer\">declara\u00e7\u00f5es feitas pelo deputado federal eleito Eduardo Bolsonaro<\/a>\u00a0(PSL-SP) de que seriam necess\u00e1rios apenas \u201cum cabo e um soldado\u201d para fechar o Supremo Tribunal Federal (STF). \u201cNo Brasil, as institui\u00e7\u00f5es est\u00e3o funcionando normalmente e juiz algum que honra a toga se deixa abalar por qualquer manifesta\u00e7\u00e3o que eventualmente possa ser compreendida como inadequada\u201d, disse Rosa Weber.<\/p>\n<div class=\"dnd-widget-wrapper context-medio_4colunas type-image atom-align-left\">\n<div class=\"dnd-atom-rendered\">\n<figure class=\"mejs-fotoh-wrapper\">\n<p><figure style=\"width: 365px\" class=\"wp-caption alignnone\"><img loading=\"lazy\" decoding=\"async\" class=\"img-responsive full full\" title=\"Jos\u00e9 Cruz\/Ag\u00eancia Brasil\/Ag\u00eancia Brasil\" src=\"http:\/\/imagens.ebc.com.br\/ceJwNdNJ8ijGShvylrdg5nuuMbo=\/365x0\/smart\/http:\/\/agenciabrasil.ebc.com.br\/sites\/default\/files\/thumbnails\/image\/jfcrz_20181021_1919.jpg?itok=8Zaagnaa\" alt=\"A presidente do TSE, ministra Rosa Weber,  durante entrevista coletiva sobre medidas de combate \u00e0 dissemina\u00e7\u00e3o de not\u00edcias falsas (fake news) nas redes sociais. \" width=\"365\" height=\"243\" \/><figcaption class=\"wp-caption-text\">A presidente do TSE, ministra Rosa Weber, durante entrevista coletiva sobre medidas de combate \u00e0 dissemina\u00e7\u00e3o de not\u00edcias falsas (fake news) nas redes sociais (Jos\u00e9 Cruz\/Ag\u00eancia Brasil)<\/figcaption><\/figure><\/figure>\n<\/div>\n<\/div>\n<p>No v\u00eddeo que circulou nas redes sociais, Eduardo Bolsonaro est\u00e1 em uma sala de aula e diz que \u201cpara fechar o STF nem precisa mandar um jeep, basta mandar um cabo e um soldado\u201d.<\/p>\n<p>Questionado sobre o tema, o candidato do PSL \u00e0 Presid\u00eancia, Jair Bolsonaro, disse desconhecer o v\u00eddeo com as declara\u00e7\u00f5es do filho e afirmou que\u00a0<a href=\"http:\/\/agenciabrasil.ebc.com.br\/politica\/noticia\/2018-10\/bolsonaro-diz-que-nao-existe-ameaca-de-fechar-supremo\" target=\"_blank\" rel=\"noopener noreferrer\">algu\u00e9m tirou as falas de contexto<\/a>.<\/p>\n<h2>Credibilidade<\/h2>\n<p>A entrevista coletiva convocada pelo TSE para este domingo, em Bras\u00edlia, serviu como um ato da Justi\u00e7a e tamb\u00e9m dos \u00f3rg\u00e3os de seguran\u00e7a e de intelig\u00eancia para reafirmar a credibilidade e lisura do processo eleitoral no Brasil. Todos os participantes, que representaram o TSE, \u00f3rg\u00e3os de seguran\u00e7a e intelig\u00eancia do governo, a Ordem dos Advogados do Brasil (OAB) e o Minist\u00e9rio P\u00fablico Eleitoral,\u00a0<a href=\"http:\/\/agenciabrasil.ebc.com.br\/politica\/noticia\/2018-10\/rosa-webe-repudia-questionamento-sobre-seguranca-das-urnas-eletronicas\" target=\"_blank\" rel=\"noopener noreferrer\">defenderam a inviolabilidade das urnas e a impossibilidade de fraude<\/a>.<\/p>\n<p>Questionados sobre as investiga\u00e7\u00f5es quanto \u00e0s den\u00fancias de divulga\u00e7\u00e3o em massa por empresas pagas por meio de caixa 2, as autoridades foram protocolares. O processo corre sob sigilo e n\u00e3o foi divulgado prazo para conclus\u00e3o do inqu\u00e9rito e outros encaminhamentos.<\/p>\n<p>Segundo Elzio Vicente da Silva, delegado da Pol\u00edcia Federal na \u00e1rea de combate ao crime organizado, o inqu\u00e9rito ser\u00e1 conclu\u00eddo \u201cem prazo razo\u00e1vel\u201d, mas \u201cimprevis\u00edvel\u201d.<\/p>\n<p>O presidente da OAB, Cl\u00e1udio Lamachia, disse que, em caso de confirma\u00e7\u00e3o de fraude na campanha eleitoral, a entidade poder\u00e1 questionar o resultado das elei\u00e7\u00f5es. \u201cSe tivermos qualquer situa\u00e7\u00e3o nesta linha vamos submeter ao plen\u00e1rio do Conselho da Ordem que, de forma independente, ir\u00e1 agir\u201d, disse.<\/p>\n<p>Lamachia reiterou que \u00e9 preciso confiar na \u201chigidez das institui\u00e7\u00f5es\u201d. O advogado destacou que as fake news \u201cn\u00e3o fazem bem\u201d \u00e0 democracia e que o pa\u00eds precisa de equil\u00edbrio e serenidade.<\/p>\n<h2>Clima polarizado<\/h2>\n<p>O ministro do Gabinete de Seguran\u00e7a Institucional, S\u00e9rgio Etchengoyen, afirmou que esta semana n\u00e3o deve ser vista como \u201ca v\u00e9spera de um apocalipse\u201d. Para ele, \u201co Brasil n\u00e3o \u00e9 um pa\u00eds de radicalismos nem de radicais\u201d.<\/p>\n<div class=\"dnd-widget-wrapper context-medio_4colunas type-image atom-align-left\">\n<div class=\"dnd-atom-rendered\">\n<figure class=\"mejs-fotoh-wrapper\">\n<p><figure style=\"width: 365px\" class=\"wp-caption alignnone\"><img loading=\"lazy\" decoding=\"async\" class=\"img-responsive full full\" title=\"Jos\u00e9 Cruz\/Ag\u00eancia Brasil\/Ag\u00eancia Brasil\" src=\"http:\/\/imagens.ebc.com.br\/XlB9whPLKTXWmarRN4v5t9SpCsQ=\/365x0\/smart\/http:\/\/agenciabrasil.ebc.com.br\/sites\/default\/files\/thumbnails\/image\/jfcrz_20181021_1928.jpg?itok=z_umDoYi\" alt=\"O ministro do Gabinete de Seguran\u00e7a Institucional da Presid\u00eancia da Rep\u00fablica, S\u00e9rgio Etchegoyen, durante entrevista coletiva sobre medidas de combate \u00e0 dissemina\u00e7\u00e3o de not\u00edcias falsas (fake news) nas redes sociais. \" width=\"365\" height=\"243\" \/><figcaption class=\"wp-caption-text\">O ministro do Gabinete de Seguran\u00e7a Institucional da Presid\u00eancia da Rep\u00fablica, S\u00e9rgio Etchegoyen, durante entrevista coletiva sobre medidas de combate \u00e0 dissemina\u00e7\u00e3o de not\u00edcias falsas (fake news) nas redes sociais (Jos\u00e9 Cruz\/Ag\u00eancia Brasil)<\/figcaption><\/figure><\/figure>\n<\/div>\n<\/div>\n<p>Etchengoyen tamb\u00e9m afirmou que, at\u00e9 o momento, o setor de intelig\u00eancia do governo n\u00e3o identificou \u201cnenhuma opera\u00e7\u00e3o sistem\u00e1tica de desestabilizar as elei\u00e7\u00f5es\u201d e n\u00e3o h\u00e1 ind\u00edcio de amea\u00e7as ao pleito do pr\u00f3ximo fim de semana.<\/p>\n<p>\u201cA partir da pr\u00f3xima segunda-feira (29), teremos um \u00fanico presidente da Rep\u00fablica, que ser\u00e1 obrigatoriamente o presidente de todos n\u00f3s. Se o momento \u00e9 dif\u00edcil, o Brasil sempre encontrou a forma, o momento e as converg\u00eancias para construir a concilia\u00e7\u00e3o necess\u00e1ria e a pacifica\u00e7\u00e3o\u201d, afirmou.<\/p>\n<p>O ministro minimizou o impacto das not\u00edcias falsas (fake news) no curso da campanha presidencial.<\/p>\n<p>\u201cExistem muitos instrumentos para interfer\u00eancia do processo eleitoral. Fake news talvez seja o menor deles\u201d, destacou.<\/p>\n","protected":false},"excerpt":{"rendered":"<p>A presidente do Tribunal Superior Eleitoral (TSE), Rosa Weber, rebateu ontem (21) as\u00a0declara\u00e7\u00f5es feitas pelo&#8230;<\/p>\n","protected":false},"author":1,"featured_media":0,"comment_status":"closed","ping_status":"closed","sticky":false,"template":"","format":"standard","meta":{"footnotes":""},"categories":[101,19],"tags":[],"class_list":["post-23883","post","type-post","status-publish","format-standard","hentry","category-eleicoes","category-politica"],"_links":{"self":[{"href":"https:\/\/www.corumbaonline.com.br\/news\/wp-json\/wp\/v2\/posts\/23883","targetHints":{"allow":["GET"]}}],"collection":[{"href":"https:\/\/www.corumbaonline.com.br\/news\/wp-json\/wp\/v2\/posts"}],"about":[{"href":"https:\/\/www.corumbaonline.com.br\/news\/wp-json\/wp\/v2\/types\/post"}],"author":[{"embeddable":true,"href":"https:\/\/www.corumbaonline.com.br\/news\/wp-json\/wp\/v2\/users\/1"}],"replies":[{"embeddable":true,"href":"https:\/\/www.corumbaonline.com.br\/news\/wp-json\/wp\/v2\/comments?post=23883"}],"version-history":[{"count":1,"href":"https:\/\/www.corumbaonline.com.br\/news\/wp-json\/wp\/v2\/posts\/23883\/revisions"}],"predecessor-version":[{"id":23884,"href":"https:\/\/www.corumbaonline.com.br\/news\/wp-json\/wp\/v2\/posts\/23883\/revisions\/23884"}],"wp:attachment":[{"href":"https:\/\/www.corumbaonline.com.br\/news\/wp-json\/wp\/v2\/media?parent=23883"}],"wp:term":[{"taxonomy":"category","embeddable":true,"href":"https:\/\/www.corumbaonline.com.br\/news\/wp-json\/wp\/v2\/categories?post=23883"},{"taxonomy":"post_tag","embeddable":true,"href":"https:\/\/www.corumbaonline.com.br\/news\/wp-json\/wp\/v2\/tags?post=23883"}],"curies":[{"name":"wp","href":"https:\/\/api.w.org\/{rel}","templated":true}]}}