{"id":23891,"date":"2018-10-21T20:32:31","date_gmt":"2018-10-21T23:32:31","guid":{"rendered":"http:\/\/www.corumbaonline.com.br\/news\/?p=23891"},"modified":"2018-10-21T21:21:02","modified_gmt":"2018-10-22T00:21:02","slug":"bolsonaro-prepara-pacotao-de-medidas-e-vai-conversar-com-o-congresso","status":"publish","type":"post","link":"https:\/\/www.corumbaonline.com.br\/news\/bolsonaro-prepara-pacotao-de-medidas-e-vai-conversar-com-o-congresso\/","title":{"rendered":"Bolsonaro prepara \u2018pacot\u00e3o\u2019 de medidas e vai conversar com o Congresso"},"content":{"rendered":"<p>O candidato do PSL \u00e0 Presid\u00eancia da Rep\u00fablica, Jair Bolsonaro (PSL), disse que, se eleito, as propostas de governo s\u00f3 ser\u00e3o encaminhadas ao Congresso Nacional, depois de conversas com senadores e deputados federais. De acordo com ele, pretende apresentar uma s\u00e9rie de medidas que devem ser negociadas com os parlamentares.<\/p>\n<p>\u201cN\u00e3o vamos apresentar nada sem conversar com os parlamentares. Para ter certeza que essas reformas ser\u00e3o aprovadas de forma racional pelo Parlamento.\u201d<\/p>\n<p>A afirma\u00e7\u00e3o foi dada durante entrevista exclusiva \u00e0 TV Band e veiculada nas redes sociais do candidato neste domingo (21). Ele reiterou que n\u00e3o pretende participar de debates, como vem cobrando seu advers\u00e1rio Fernando Haddad (PT).<\/p>\n<p>O candidato do PSL rebateu as acusa\u00e7\u00f5es de envolvimento no esquema supostamente financiado por empres\u00e1rios para disseminar fake news anti-PT. Segundo ele, sua campanha \u00e9 feita por simpatizantes e ele, pessoalmente, n\u00e3o tem amizade com empres\u00e1rios. \u201cS\u00e3o milh\u00f5es e milh\u00f5es de pessoas que trabalham pela minha candidatura. S\u00e3o rob\u00f4s do bem.\u201d<\/p>\n<h2>Pacot\u00e3o<\/h2>\n<div class=\"dnd-widget-wrapper context-cheio_8colunas type-image\">\n<div class=\"dnd-atom-rendered\">\n<figure class=\"mejs-fotoh-wrapper\">\n<p><figure style=\"width: 754px\" class=\"wp-caption alignnone\"><img loading=\"lazy\" decoding=\"async\" class=\"img-responsive full full\" title=\"T\u00e2nia R\u00eago\/Ag\u00eancia Brasil\/Ag\u00eancia Brasil\" src=\"http:\/\/imagens.ebc.com.br\/n4mPUbx2dK-thl1BJjdrpHFXj2E=\/754x0\/smart\/http:\/\/agenciabrasil.ebc.com.br\/sites\/default\/files\/thumbnails\/image\/tnrgo_20181020_1863.jpg?itok=ug_4wMqv\" alt=\"O candidato do PSL \u00e0 Presid\u00eancia da Rep\u00fablica, Jair Bolsonaro, fala \u00e0 imprensa.\" width=\"754\" height=\"502\" \/><figcaption class=\"wp-caption-text\">O candidato do PSL \u00e0 Presid\u00eancia da Rep\u00fablica, Jair Bolsonaro, fala \u00e0 imprensa (T\u00e2nia R\u00eago\/Ag\u00eancia Brasil)<\/figcaption><\/figure><\/figure>\n<\/div>\n<\/div>\n<p>Segundo Bolsonaro, na rela\u00e7\u00e3o do \u201cpacot\u00e3o de medidas\u201d est\u00e3o propostas que se referem \u00e0 seguran\u00e7a jur\u00eddica para o campo. \u201cN\u00e3o pode o fazendeiro hoje ouvir uma not\u00edcia que a terra dele vai ser demarcada.\u201d Ele disse que o setor produtivo precisa ter garantias quando houver demarca\u00e7\u00e3o de terras ou reintegra\u00e7\u00e3o de posse de terras.<\/p>\n<p>Tamb\u00e9m examina a possibilidade de tipificar como &#8220;terrorismo&#8221; eventuais ocupa\u00e7\u00f5es do Movimento dos Trabalhadores Sem Terra (MST) e do Movimento dos Trabalhadores Sem Teto (MTST). \u201cN\u00f3s vivemos em paz e harmonia. Invas\u00e3o de terra n\u00e3o pode continuar acontecendo no Brasil.\u201d<\/p>\n<p>O candidato reiterou os nomes que devem compor seu futuro minist\u00e9rio: o general Augusto Heleno para Defesa, o deputado federal Onix Lorenzoni (DEM-RS) para Casa Civil, o astronauta Marcos Pontes para Ci\u00eancia e Tecnologia, e Paulo Guedes para Economia. Ele confirmou que pretende unir os minist\u00e9rios da Agricultura e do Meio Ambiente.<\/p>\n<h2>Seguran\u00e7a<\/h2>\n<p>O candidato negou que pretenda atenuar puni\u00e7\u00f5es para militares que matam em servi\u00e7o. Mas confirmou que vai se empenhar para mudar a legisla\u00e7\u00e3o atual, de acordo com as circunst\u00e2ncias espec\u00edficas. Ele disse que hoje h\u00e1 uma guerra devido \u00e0 viol\u00eancia e que \u00e9 imposs\u00edvel negar essa avalia\u00e7\u00e3o.<\/p>\n<p>\u201cEstamos em guerra, ningu\u00e9m nega isso, e se estamos em guerra devemos nos comportar como soldados em combate. O militar entrando em opera\u00e7\u00e3o, o lado do inimigo, aqueles que portam arma de guerra, caso venham a ser abatidos, o nosso soldado deve ser condecorado e n\u00e3o processado\u201d, disse. \u201cN\u00e3o quero dar carta branca para as For\u00e7as Armadas nem de seguran\u00e7a de matar\u201d<\/p>\n<p>Bolsonaro confirmou que pretende buscar amparo jur\u00eddico para colocar as For\u00e7as Armadas no patrulhamento de rotina nas cidades. Segundo ele, a negocia\u00e7\u00e3o dever\u00e1 ser feita entre o Minist\u00e9rio da Defesa e o governador do estado onde est\u00e1 localizada a cidade que precisa de seguran\u00e7a federal.<\/p>\n","protected":false},"excerpt":{"rendered":"<p>O candidato do PSL \u00e0 Presid\u00eancia da Rep\u00fablica, Jair Bolsonaro (PSL), disse que, se eleito,&#8230;<\/p>\n","protected":false},"author":1,"featured_media":0,"comment_status":"closed","ping_status":"closed","sticky":false,"template":"","format":"standard","meta":{"footnotes":""},"categories":[101,19],"tags":[],"class_list":["post-23891","post","type-post","status-publish","format-standard","hentry","category-eleicoes","category-politica"],"_links":{"self":[{"href":"https:\/\/www.corumbaonline.com.br\/news\/wp-json\/wp\/v2\/posts\/23891","targetHints":{"allow":["GET"]}}],"collection":[{"href":"https:\/\/www.corumbaonline.com.br\/news\/wp-json\/wp\/v2\/posts"}],"about":[{"href":"https:\/\/www.corumbaonline.com.br\/news\/wp-json\/wp\/v2\/types\/post"}],"author":[{"embeddable":true,"href":"https:\/\/www.corumbaonline.com.br\/news\/wp-json\/wp\/v2\/users\/1"}],"replies":[{"embeddable":true,"href":"https:\/\/www.corumbaonline.com.br\/news\/wp-json\/wp\/v2\/comments?post=23891"}],"version-history":[{"count":1,"href":"https:\/\/www.corumbaonline.com.br\/news\/wp-json\/wp\/v2\/posts\/23891\/revisions"}],"predecessor-version":[{"id":23892,"href":"https:\/\/www.corumbaonline.com.br\/news\/wp-json\/wp\/v2\/posts\/23891\/revisions\/23892"}],"wp:attachment":[{"href":"https:\/\/www.corumbaonline.com.br\/news\/wp-json\/wp\/v2\/media?parent=23891"}],"wp:term":[{"taxonomy":"category","embeddable":true,"href":"https:\/\/www.corumbaonline.com.br\/news\/wp-json\/wp\/v2\/categories?post=23891"},{"taxonomy":"post_tag","embeddable":true,"href":"https:\/\/www.corumbaonline.com.br\/news\/wp-json\/wp\/v2\/tags?post=23891"}],"curies":[{"name":"wp","href":"https:\/\/api.w.org\/{rel}","templated":true}]}}