{"id":23894,"date":"2018-10-22T08:38:01","date_gmt":"2018-10-22T11:38:01","guid":{"rendered":"http:\/\/www.corumbaonline.com.br\/news\/?p=23894"},"modified":"2018-10-21T22:24:37","modified_gmt":"2018-10-22T01:24:37","slug":"corumbaenses-ja-se-prepararam-para-o-segundo-turno","status":"publish","type":"post","link":"https:\/\/www.corumbaonline.com.br\/news\/corumbaenses-ja-se-prepararam-para-o-segundo-turno\/","title":{"rendered":"Corumbaenses se prepararam para o segundo turno da elei\u00e7\u00e3o no pr\u00f3ximo domingo"},"content":{"rendered":"<p>A brasileiros j\u00e1 elegeram no domingo, 7 de outubro, deputado federal, deputado estadual, dois senadores e governador. No pr\u00f3ximo domingo termina a disputa presidencial da elei\u00e7\u00e3o 2018.<\/p>\n<p>No primeiro turno Corumb\u00e1 e Lad\u00e1rio tiveram 68 locais de vota\u00e7\u00e3o para 82.706 eleitores distribu\u00eddos em 318 se\u00e7\u00f5es nas \u00e1reas urbana e rural.<\/p>\n<p>O vereador Evander Vendramini Duran (PP) com 12.627\u00a0votos foi eleito deputado federal e ir\u00e1 representar os anseios da popula\u00e7\u00e3o corumbaense e do Mato Grosso do Sul na Assembl\u00e9ia Legislativa juntamente com outros 23 representantes.<\/p>\n<p>Os dois senadores eleitos foram Nelsinho Trad (PTB) e Soraya Thronicke (PSL). Os pantaneiros est\u00e3o felizes com os resultados e j\u00e1 se preparam para no segundo turno escolher o presidente do Brasil e o governador do Mato Grosso do Sul. A vota\u00e7\u00e3o acontecer\u00e1 no dia 28 de outubro.<\/p>\n<p>Para o estudante de direito, Lu\u00eds Eduardo Oliveira Ferreira, de 26 anos, a expectativa para a escolha do segundo turno \u00e9 positiva. \u201cEspero que sejam eleitos candidatos com car\u00e1ter e \u00edndole para governar da melhor forma o Brasil. Futuros governantes que estejam comprometidos em combater os problemas sociais que existem em nosso pa\u00eds. Combate a corrup\u00e7\u00e3o e a viol\u00eancia em 1\u00b0 lugar. Uma economia equilibrada e est\u00e1vel e respeitada perante o Mercosul e aos demais. Queremos um Brasil menos burocr\u00e1tico e com leis r\u00edgidas que se aplicam \u00e0 todos\u201d, ressalta Lu\u00eds.<\/p>\n<figure id=\"attachment_23895\" aria-describedby=\"caption-attachment-23895\" style=\"width: 156px\" class=\"wp-caption aligncenter\"><a href=\"https:\/\/www.corumbaonline.com.br\/news\/wp-content\/uploads\/2018\/10\/foto112251.jpg\"><img loading=\"lazy\" decoding=\"async\" class=\" wp-image-23895\" src=\"https:\/\/www.corumbaonline.com.br\/news\/wp-content\/uploads\/2018\/10\/foto112251.jpg\" alt=\"\" width=\"156\" height=\"257\" \/><\/a><figcaption id=\"caption-attachment-23895\" class=\"wp-caption-text\">Luiz Eduardo se sente contente com os resultados (Foto: Corumb\u00e1 On Line)<\/figcaption><\/figure>\n<p>Rosemeire Alpires, de 51 anos, vizinha do vereador eleito, Evander Vendramini, se sente feliz com a elei\u00e7\u00e3o de seu candidato. \u201cChegou o momento de Corumb\u00e1 ter um bom representante na Assembleia, tenho certeza que Evander n\u00e3o vai se esquecer de Corumb\u00e1 e o que ele puder vai nos ajudar. Nesse segundo turno o meu desejo \u00e9 que a popula\u00e7\u00e3o vote com consci\u00eancia porque j\u00e1 \u00e9 hora de ver mudan\u00e7as e ver o progresso de nosso Brasil\u201d, afirmou.<\/p>\n<figure id=\"attachment_23897\" aria-describedby=\"caption-attachment-23897\" style=\"width: 281px\" class=\"wp-caption aligncenter\"><a href=\"https:\/\/www.corumbaonline.com.br\/news\/wp-content\/uploads\/2018\/10\/foto112249.jpg\"><img loading=\"lazy\" decoding=\"async\" class=\" wp-image-23897\" src=\"https:\/\/www.corumbaonline.com.br\/news\/wp-content\/uploads\/2018\/10\/foto112249.jpg\" alt=\"\" width=\"281\" height=\"237\" srcset=\"https:\/\/www.corumbaonline.com.br\/news\/wp-content\/uploads\/2018\/10\/foto112249.jpg 412w, https:\/\/www.corumbaonline.com.br\/news\/wp-content\/uploads\/2018\/10\/foto112249-300x252.jpg 300w\" sizes=\"auto, (max-width: 281px) 100vw, 281px\" \/><\/a><figcaption id=\"caption-attachment-23897\" class=\"wp-caption-text\">Rosemeire luta por um Brasil melhor (Foto: Corumb\u00e1 On Line)<\/figcaption><\/figure>\n<p>Jocyara Maldonado, de 17 anos, tamb\u00e9m se sente feliz com a elei\u00e7\u00e3o dos representantes do Mato Grosso do Sul na esfera federal \u201cPrecisamos ver melhoras na sa\u00fade, educa\u00e7\u00e3o e seguran\u00e7a do nosso Estado. Que possam ter mais empregos e menos viol\u00eancia\u201d, afirma a adolescente.<\/p>\n<figure id=\"attachment_23896\" aria-describedby=\"caption-attachment-23896\" style=\"width: 258px\" class=\"wp-caption aligncenter\"><a href=\"https:\/\/www.corumbaonline.com.br\/news\/wp-content\/uploads\/2018\/10\/foto112250.jpg\"><img loading=\"lazy\" decoding=\"async\" class=\" wp-image-23896\" src=\"https:\/\/www.corumbaonline.com.br\/news\/wp-content\/uploads\/2018\/10\/foto112250.jpg\" alt=\"\" width=\"258\" height=\"223\" srcset=\"https:\/\/www.corumbaonline.com.br\/news\/wp-content\/uploads\/2018\/10\/foto112250.jpg 411w, https:\/\/www.corumbaonline.com.br\/news\/wp-content\/uploads\/2018\/10\/foto112250-300x258.jpg 300w\" sizes=\"auto, (max-width: 258px) 100vw, 258px\" \/><\/a><figcaption id=\"caption-attachment-23896\" class=\"wp-caption-text\">Jocyara quer ver melhoras na sa\u00fade e novos m\u00e9dicos atendendo (Foto: Corumb\u00e1 On Line)<\/figcaption><\/figure>\n<p>A jornalista Chalise Alves, de 30 anos, apoia \u00e0 escolha de quem fa\u00e7a a diferen\u00e7a pelo pa\u00eds. \u201cIndependente de quem seja eleito para presidente, que fa\u00e7a uma gest\u00e3o que melhore o pa\u00eds. Que fa\u00e7a com que os brasileiros acreditem novamente que o Brasil pode melhorar principalmente na sa\u00fade e educa\u00e7\u00e3o\u201d, concluiu Charlise.<\/p>\n<figure id=\"attachment_23898\" aria-describedby=\"caption-attachment-23898\" style=\"width: 220px\" class=\"wp-caption aligncenter\"><a href=\"https:\/\/www.corumbaonline.com.br\/news\/wp-content\/uploads\/2018\/10\/foto112252.jpg\"><img loading=\"lazy\" decoding=\"async\" class=\"size-full wp-image-23898\" src=\"https:\/\/www.corumbaonline.com.br\/news\/wp-content\/uploads\/2018\/10\/foto112252.jpg\" alt=\"\" width=\"220\" height=\"372\" srcset=\"https:\/\/www.corumbaonline.com.br\/news\/wp-content\/uploads\/2018\/10\/foto112252.jpg 220w, https:\/\/www.corumbaonline.com.br\/news\/wp-content\/uploads\/2018\/10\/foto112252-177x300.jpg 177w\" sizes=\"auto, (max-width: 220px) 100vw, 220px\" \/><\/a><figcaption id=\"caption-attachment-23898\" class=\"wp-caption-text\">Charlise tamb\u00e9m espera por um futuro melhor (Foto: Corumb\u00e1 On Line)<\/figcaption><\/figure>\n<p>A partir do dia 1 de janeiro, Evander Vendramini deixar\u00e1 a presid\u00eancia da C\u00e2mara de Corumb\u00e1 e ocupar\u00e1 uma das 24 cadeiras da Assembleia Legislativa como Deputado Estadual.<\/p>\n<p>Com a apura\u00e7\u00e3o dos votos pelo TRE (Tribunal Regional Eleitoral), a elei\u00e7\u00e3o em Mato Grosso do Sul ser\u00e1 definida em segundo turno entre o atual governador, Reinaldo Azambuja (PSDB), e o juiz federal aposentado Odilon de Oliveira (PDT).<\/p>\n<p>Jair Bolsonaro (PSL) e Fernando Haddad (PT) disputar\u00e3o segundo turno da elei\u00e7\u00e3o presidencial. O candidato do PSL teve 46,7% dos votos, contra 28,37% do petista.<\/p>\n","protected":false},"excerpt":{"rendered":"<p>A brasileiros j\u00e1 elegeram no domingo, 7 de outubro, deputado federal, deputado estadual, dois senadores&#8230;<\/p>\n","protected":false},"author":1,"featured_media":0,"comment_status":"closed","ping_status":"closed","sticky":false,"template":"","format":"standard","meta":{"footnotes":""},"categories":[101,19],"tags":[],"class_list":["post-23894","post","type-post","status-publish","format-standard","hentry","category-eleicoes","category-politica"],"_links":{"self":[{"href":"https:\/\/www.corumbaonline.com.br\/news\/wp-json\/wp\/v2\/posts\/23894","targetHints":{"allow":["GET"]}}],"collection":[{"href":"https:\/\/www.corumbaonline.com.br\/news\/wp-json\/wp\/v2\/posts"}],"about":[{"href":"https:\/\/www.corumbaonline.com.br\/news\/wp-json\/wp\/v2\/types\/post"}],"author":[{"embeddable":true,"href":"https:\/\/www.corumbaonline.com.br\/news\/wp-json\/wp\/v2\/users\/1"}],"replies":[{"embeddable":true,"href":"https:\/\/www.corumbaonline.com.br\/news\/wp-json\/wp\/v2\/comments?post=23894"}],"version-history":[{"count":3,"href":"https:\/\/www.corumbaonline.com.br\/news\/wp-json\/wp\/v2\/posts\/23894\/revisions"}],"predecessor-version":[{"id":23901,"href":"https:\/\/www.corumbaonline.com.br\/news\/wp-json\/wp\/v2\/posts\/23894\/revisions\/23901"}],"wp:attachment":[{"href":"https:\/\/www.corumbaonline.com.br\/news\/wp-json\/wp\/v2\/media?parent=23894"}],"wp:term":[{"taxonomy":"category","embeddable":true,"href":"https:\/\/www.corumbaonline.com.br\/news\/wp-json\/wp\/v2\/categories?post=23894"},{"taxonomy":"post_tag","embeddable":true,"href":"https:\/\/www.corumbaonline.com.br\/news\/wp-json\/wp\/v2\/tags?post=23894"}],"curies":[{"name":"wp","href":"https:\/\/api.w.org\/{rel}","templated":true}]}}