{"id":23907,"date":"2018-10-22T09:02:07","date_gmt":"2018-10-22T12:02:07","guid":{"rendered":"http:\/\/www.corumbaonline.com.br\/news\/?p=23907"},"modified":"2018-10-22T10:33:00","modified_gmt":"2018-10-22T13:33:00","slug":"a-partir-desta-terca-eleitores-so-poderao-ser-presos-em-flagrante","status":"publish","type":"post","link":"https:\/\/www.corumbaonline.com.br\/news\/a-partir-desta-terca-eleitores-so-poderao-ser-presos-em-flagrante\/","title":{"rendered":"A partir desta ter\u00e7a, eleitores s\u00f3 poder\u00e3o ser presos em flagrante"},"content":{"rendered":"<p>A partir de amanh\u00e3 (23), cinco dias antes do segundo turno das elei\u00e7\u00f5es 2018, nenhum eleitor poder\u00e1 ser preso ou detido. A exce\u00e7\u00e3o ocorre apenas em casos de flagrante delito e ainda se houver senten\u00e7a criminal condenat\u00f3ria por crime inafian\u00e7\u00e1vel ou desrespeito a salvo-conduto. A determina\u00e7\u00e3o est\u00e1 prevista no artigo 236 do\u00a0<a href=\"http:\/\/www.tse.jus.br\/eleicoes\/calendario-eleitoral\/calendario-eleitoral\" target=\"_blank\" rel=\"noopener noreferrer\">C\u00f3digo Eleitoral<\/a>.<\/p>\n<div class=\"dnd-widget-wrapper context-cheio_8colunas type-image\">\n<div class=\"dnd-atom-rendered\">\n<figure class=\"mejs-fotoh-wrapper\">\n<p><figure style=\"width: 754px\" class=\"wp-caption alignnone\"><img loading=\"lazy\" decoding=\"async\" class=\"img-responsive full full\" title=\"Divulga\u00e7\u00e3o\/TSE\/Ag\u00eancia Brasil\" src=\"http:\/\/imagens.ebc.com.br\/5v8qFxLbbEPIX2fQeR4YMEB5pOw=\/754x0\/smart\/http:\/\/agenciabrasil.ebc.com.br\/sites\/default\/files\/atoms\/image\/sede_do_tribunal_superior_eleitoral_-_divulgacao_tse.jpeg?itok=KOF-K0Oa\" alt=\"Sede do Tribunal Superior Eleitoral - Divulga\u00e7\u00e3o\/TSE\" width=\"754\" height=\"365\" \/><figcaption class=\"wp-caption-text\">Tribunal Superior Eleitoral (Divulga\u00e7\u00e3o\/TSE)<\/figcaption><\/figure><\/figure>\n<\/div>\n<\/div>\n<p>A\u00a0<span id=\"OBJ_PREFIX_DWT944_com_zimbra_date\">ter<\/span>\u00e7a-feira tamb\u00e9m \u00e9 o prazo final para que os representantes dos partidos pol\u00edticos e coliga\u00e7\u00f5es, a Ordem dos Advogados do Brasil e o Minist\u00e9rio P\u00fablico pe\u00e7am verifica\u00e7\u00e3o das assinaturas digitais do Sistema de Transporte de Arquivos da Urna Eletr\u00f4nica, do Subsistema de Instala\u00e7\u00e3o e Seguran\u00e7a e da Solu\u00e7\u00e3o JE-Connect, instalados nos equipamentos da Justi\u00e7a Eleitoral que ser\u00e3o utilizados no segundo turno.<\/p>\n<p>Os tribunais regionais eleitorais tamb\u00e9m t\u00eam at\u00e9 essa data para divulgar, na internet, os pontos de transmiss\u00e3o de dados que funcionar\u00e3o em pontos distintos do local de funcionamento da Junta Eleitoral.<\/p>\n<p>O segundo turno das elei\u00e7\u00f5es ocorre no pr\u00f3ximo dia\u00a0<span id=\"OBJ_PREFIX_DWT945_com_zimbra_date\">28 de outubro<\/span>\u00a0em todo o Brasil e mais 99 pa\u00edses, para a escolha do pr\u00f3ximo presidente da Rep\u00fablica. Em 13 estados e no Distrito Federal, os eleitores tamb\u00e9m\u00a0<span id=\"OBJ_PREFIX_DWT946_com_zimbra_date\">ter<\/span>\u00e3o que definir o governador que ir\u00e1 comandar os Executivos locais nos pr\u00f3ximos quatro anos. Em 19 munic\u00edpios ser\u00e3o realizadas as chamadas elei\u00e7\u00f5es suplementares para a escolha de novos prefeitos e vice-prefeitos.<\/p>\n","protected":false},"excerpt":{"rendered":"<p>A partir de amanh\u00e3 (23), cinco dias antes do segundo turno das elei\u00e7\u00f5es 2018, nenhum&#8230;<\/p>\n","protected":false},"author":1,"featured_media":0,"comment_status":"closed","ping_status":"closed","sticky":false,"template":"","format":"standard","meta":{"footnotes":""},"categories":[101,19],"tags":[],"class_list":["post-23907","post","type-post","status-publish","format-standard","hentry","category-eleicoes","category-politica"],"_links":{"self":[{"href":"https:\/\/www.corumbaonline.com.br\/news\/wp-json\/wp\/v2\/posts\/23907","targetHints":{"allow":["GET"]}}],"collection":[{"href":"https:\/\/www.corumbaonline.com.br\/news\/wp-json\/wp\/v2\/posts"}],"about":[{"href":"https:\/\/www.corumbaonline.com.br\/news\/wp-json\/wp\/v2\/types\/post"}],"author":[{"embeddable":true,"href":"https:\/\/www.corumbaonline.com.br\/news\/wp-json\/wp\/v2\/users\/1"}],"replies":[{"embeddable":true,"href":"https:\/\/www.corumbaonline.com.br\/news\/wp-json\/wp\/v2\/comments?post=23907"}],"version-history":[{"count":1,"href":"https:\/\/www.corumbaonline.com.br\/news\/wp-json\/wp\/v2\/posts\/23907\/revisions"}],"predecessor-version":[{"id":23908,"href":"https:\/\/www.corumbaonline.com.br\/news\/wp-json\/wp\/v2\/posts\/23907\/revisions\/23908"}],"wp:attachment":[{"href":"https:\/\/www.corumbaonline.com.br\/news\/wp-json\/wp\/v2\/media?parent=23907"}],"wp:term":[{"taxonomy":"category","embeddable":true,"href":"https:\/\/www.corumbaonline.com.br\/news\/wp-json\/wp\/v2\/categories?post=23907"},{"taxonomy":"post_tag","embeddable":true,"href":"https:\/\/www.corumbaonline.com.br\/news\/wp-json\/wp\/v2\/tags?post=23907"}],"curies":[{"name":"wp","href":"https:\/\/api.w.org\/{rel}","templated":true}]}}