{"id":23911,"date":"2018-10-22T09:34:06","date_gmt":"2018-10-22T12:34:06","guid":{"rendered":"http:\/\/www.corumbaonline.com.br\/news\/?p=23911"},"modified":"2018-10-22T10:40:31","modified_gmt":"2018-10-22T13:40:31","slug":"policia-federal-abriu-469-inqueritos-para-investigar-crimes-eleitorais","status":"publish","type":"post","link":"https:\/\/www.corumbaonline.com.br\/news\/policia-federal-abriu-469-inqueritos-para-investigar-crimes-eleitorais\/","title":{"rendered":"Pol\u00edcia Federal abriu 469 inqu\u00e9ritos para investigar crimes eleitorais"},"content":{"rendered":"<p>A Pol\u00edcia Federal (PF) abriu 469 inqu\u00e9ritos para investigar crimes eleitorais no primeiro turno da campanha deste ano, A informa\u00e7\u00e3o \u00e9 do ministro da Seguran\u00e7a P\u00fablica, Raul Jungmann. Al\u00e9m disso, 455 pessoas foram conduzidas para depoimentos e outros 266 apreendidos.<\/p>\n<p>De acordo com o ministro, os principais crimes registrados foram propaganda eleitoral irregular, promo\u00e7\u00e3o de informa\u00e7\u00f5es falsas e compra de votos. \u201cAqueles que t\u00eam interesse de produzir not\u00edcias falsas fiquem sabendo que n\u00e3o existe anonimato na internet e a Pol\u00edcia Federal tem tecnologia e recursos humanos para chegar neles aqui ou em qualquer lugar do mundo\u201d, alertou.<\/p>\n<div class=\"dnd-widget-wrapper context-cheio_8colunas type-image\">\n<div class=\"dnd-atom-rendered\">\n<figure class=\"mejs-fotoh-wrapper\">\n<p><figure style=\"width: 754px\" class=\"wp-caption alignnone\"><img loading=\"lazy\" decoding=\"async\" class=\"img-responsive full full\" title=\"Jos\u00e9 Cruz\/Ag\u00eancia Brasil\/Ag\u00eancia Brasil\" src=\"http:\/\/imagens.ebc.com.br\/N2ldNKtZi3y88ZalrYaYBYYCovc=\/754x0\/smart\/http:\/\/agenciabrasil.ebc.com.br\/sites\/default\/files\/thumbnails\/image\/jfcrz_20181021_1924.jpg?itok=qQn70iuc\" alt=\"O ministro da Seguran\u00e7a P\u00fablica, Raul Jungmann, e a presidente do TSE, ministra Rosa Weber, durante entrevista coletiva sobre medidas de combate \u00e0 dissemina\u00e7\u00e3o de not\u00edcias falsas (fake news) nas redes sociais. \" width=\"754\" height=\"503\" \/><figcaption class=\"wp-caption-text\">O ministro da Seguran\u00e7a P\u00fablica, Raul Jungmann, e a presidente do TSE, ministra Rosa Weber, durante entrevista coletiva sobre medidas de combate \u00e0 dissemina\u00e7\u00e3o de not\u00edcias falsas (fake news) nas redes sociais (Jos\u00e9 Cruz\/Ag\u00eancia Brasil)<\/figcaption><\/figure><\/figure>\n<\/div>\n<\/div>\n<p>Jungmann participou nesse domingo (21) da entrevista \u00e0 imprensa, no Tribunal Superior Eleitoral (TSE), convocada pela presidente do tribunal, ministra Rosa Weber. Na ocasi\u00e3o, perguntada se a Justi\u00e7a Eleitoral falhou no combate \u00e0s not\u00edcias falsas (fake news) durante a campanha, a ministra respondeu que n\u00e3o viu falhas na a\u00e7\u00e3o do tribunal, mas reconheceu que n\u00e3o esperava que a onda de desinforma\u00e7\u00e3o se voltasse contra a pr\u00f3pria institui\u00e7\u00e3o e que ainda n\u00e3o h\u00e1 uma solu\u00e7\u00e3o para impedir o problema.<\/p>\n<p>\u201cN\u00f3s entendemos que n\u00e3o houve falha alguma da Justi\u00e7a Eleitoral no que tange a isso que se chama fake news. A desinforma\u00e7\u00e3o \u00e9 um fen\u00f4meno mundial que se faz presente nas mais diferentes sociedades. Gostar\u00edamos de ter uma solu\u00e7\u00e3o pronta e eficaz, de fato, n\u00e3o temos\u201d, disse a ministra.<\/p>\n<p>Rosa Weber n\u00e3o quis comentar sobre a a\u00e7\u00e3o ingressada pelo PT para investigar a den\u00fancia de que empresas teriam atuado na dissemina\u00e7\u00e3o em massa nas redes sociais de not\u00edcias falsas contra o candidato Fernando Haddad (PT) em favor do candidato do PSL \u00e0 Presid\u00eancia da Rep\u00fablica, Jair Bolsonaro (PSL).<\/p>\n<p>De acordo com Jungmann, o caso est\u00e1 sendo investigado e n\u00e3o \u00e9 poss\u00edvel dar detalhes sobre o processo, pois o inqu\u00e9rito corre sob sigilo. O ministro informou que o centro integrado de controle para as elei\u00e7\u00f5es retomar\u00e1 os trabalhos nesta segunda-feira (22), a partir das 15 horas, e que os representantes dos dois candidatos \u00e0 Presid\u00eancia foram convidados a acompanhar a atua\u00e7\u00e3o do centro, que funcionar\u00e1 24 horas por dia at\u00e9 o fim do segundo turno, no pr\u00f3ximo dia 28 de outubro.<\/p>\n","protected":false},"excerpt":{"rendered":"<p>A Pol\u00edcia Federal (PF) abriu 469 inqu\u00e9ritos para investigar crimes eleitorais no primeiro turno da&#8230;<\/p>\n","protected":false},"author":1,"featured_media":0,"comment_status":"closed","ping_status":"closed","sticky":false,"template":"","format":"standard","meta":{"footnotes":""},"categories":[19],"tags":[],"class_list":["post-23911","post","type-post","status-publish","format-standard","hentry","category-politica"],"_links":{"self":[{"href":"https:\/\/www.corumbaonline.com.br\/news\/wp-json\/wp\/v2\/posts\/23911","targetHints":{"allow":["GET"]}}],"collection":[{"href":"https:\/\/www.corumbaonline.com.br\/news\/wp-json\/wp\/v2\/posts"}],"about":[{"href":"https:\/\/www.corumbaonline.com.br\/news\/wp-json\/wp\/v2\/types\/post"}],"author":[{"embeddable":true,"href":"https:\/\/www.corumbaonline.com.br\/news\/wp-json\/wp\/v2\/users\/1"}],"replies":[{"embeddable":true,"href":"https:\/\/www.corumbaonline.com.br\/news\/wp-json\/wp\/v2\/comments?post=23911"}],"version-history":[{"count":1,"href":"https:\/\/www.corumbaonline.com.br\/news\/wp-json\/wp\/v2\/posts\/23911\/revisions"}],"predecessor-version":[{"id":23912,"href":"https:\/\/www.corumbaonline.com.br\/news\/wp-json\/wp\/v2\/posts\/23911\/revisions\/23912"}],"wp:attachment":[{"href":"https:\/\/www.corumbaonline.com.br\/news\/wp-json\/wp\/v2\/media?parent=23911"}],"wp:term":[{"taxonomy":"category","embeddable":true,"href":"https:\/\/www.corumbaonline.com.br\/news\/wp-json\/wp\/v2\/categories?post=23911"},{"taxonomy":"post_tag","embeddable":true,"href":"https:\/\/www.corumbaonline.com.br\/news\/wp-json\/wp\/v2\/tags?post=23911"}],"curies":[{"name":"wp","href":"https:\/\/api.w.org\/{rel}","templated":true}]}}